{"id":8512,"date":"2022-08-30T02:54:32","date_gmt":"2022-08-30T07:54:32","guid":{"rendered":"https:\/\/www.biblia.work\/articulos-salud\/la-ue-y-africa-en-desacuerdo-por-las-patentes-de-vacunas-antes-de-la-cumbre\/"},"modified":"2022-08-30T02:54:32","modified_gmt":"2022-08-30T07:54:32","slug":"la-ue-y-africa-en-desacuerdo-por-las-patentes-de-vacunas-antes-de-la-cumbre","status":"publish","type":"post","link":"https:\/\/www.biblia.work\/articulos-salud\/la-ue-y-africa-en-desacuerdo-por-las-patentes-de-vacunas-antes-de-la-cumbre\/","title":{"rendered":"La UE y \u00c1frica en desacuerdo por las patentes de vacunas antes de la cumbre"},"content":{"rendered":"<p>Cr\u00e9dito: Pixabay\/CC0 Dominio p\u00fablico <\/p>\n<p>El lunes, la UE se mantuvo firme en su negativa a levantar las protecciones de patentes sobre las vacunas COVID, solo unos d\u00edas antes de una cumbre con pa\u00edses de la Uni\u00f3n Africana que ven el tema como una prioridad. <\/p>\n<p>Desde octubre de 2020, India y Sud\u00e1frica han liderado llamados en la Organizaci\u00f3n Mundial del Comercio para la eliminaci\u00f3n temporal de las protecciones de propiedad intelectual para vacunas, tratamientos y diagn\u00f3sticos en la lucha contra COVID-19.<\/p>\n<p>Los defensores argumentan esto impulsar\u00eda la producci\u00f3n a nivel mundial y ayudar\u00eda a abordar la flagrante desigualdad en el acceso entre naciones ricas y pobres.<\/p>\n<p>Los miembros de la Uni\u00f3n Africana han presionado para incluir la demanda en las conclusiones de la cumbre conjunta UE-UA que comienza el jueves en Bruselas.<\/p>\n<p>\u00abLa Uni\u00f3n Africana&#8230; insta a la Uni\u00f3n Europea a comprometerse constructivamente hacia la conclusi\u00f3n de una exenci\u00f3n espec\u00edfica y limitada en el tiempo\u00bb, dice la propuesta de la UA vista por AFP. <\/p>\n<p>Sin embargo, varios pa\u00edses ricos que albergan grandes empresas farmac\u00e9uticas se han opuesto a la medida, diciendo que las patentes no son los principales obst\u00e1culos para aumentar la producci\u00f3n y son cruciales para la innovaci\u00f3n.<\/p>\n<p>\u00abCreemos que la propiedad intelectual nunca debe ser un freno (para la producci\u00f3n de vacunas)\u00bb, dijo Franck Riester, el ministro de Comercio de Francia, que actualmente ocupa la presidencia rotatoria de la UE.<\/p>\n<p>\u00abAl mismo tiempo, no queremos poner en entredicho un sistema de propiedad intelectual que permite la innovaci\u00f3n y que ha hecho posible, en particular, tener vacunas muy r\u00e1pidamente en el caso de COVID-19\u201d, agreg\u00f3.<\/p>\n<p>Riester habl\u00f3 despu\u00e9s manteniendo conversaciones con sus hom\u00f3logos de la UE sobre el asunto en la ciudad francesa de Marsella, en las que tambi\u00e9n particip\u00f3 el jefe de la OMC, Ngozi Okonjo-Iweala.<\/p>\n<p>Okonjo-Iweala anunci\u00f3 en enero un acuerdo en la OMC sobre la relajaci\u00f3n de las restricciones a la fabricaci\u00f3n vacunas estaba a semanas de distancia, posiblemente a tiempo para la cumbre UE-UA.<\/p>\n<p>Pero el lunes, el ministro s dijeron que esperaban un acuerdo de la OMC no antes de junio.<\/p>\n<p>El viceprimer ministro irland\u00e9s Leo Varadkar, cuyo pa\u00eds alberga varios grandes grupos farmac\u00e9uticos, dijo que \u00abes muy importante que estemos dispuestos a hacer compromisos y que estamos dispuestos a asegurarnos de que las vacunas est\u00e9n disponibles en todas partes del mundo\u00bb. <\/p>\n<p>\u00abPero lo que queremos evitar es que esta pandemia sea utilizada de alguna manera por algunos pa\u00edses para socavar la innovaci\u00f3n o socavar la propiedad intelectual\u00bb, agreg\u00f3. <\/p>\n<p>Explorar m\u00e1s<\/p>\n<p> La OMC nuevamente no logra ponerse de acuerdo sobre la exenci\u00f3n de patentes de vacunas Covid <\/p>\n<p> 2022 AFP <\/p>\n<p> <strong>Cita<\/strong>: UE, \u00c1frica en desacuerdo sobre patentes de vacunas antes de la cumbre (2022 , 14 de febrero) recuperado el 29 de agosto de 2022 de https:\/\/medicalxpress.com\/news\/2022-02-eu-africa-odds-vaccine-patents.html Este documento est\u00e1 sujeto a derechos de autor. Aparte de cualquier trato justo con fines de estudio o investigaci\u00f3n privados, ninguna parte puede reproducirse sin el permiso por escrito. El contenido se proporciona \u00fanicamente con fines informativos.<\/p>\n","protected":false},"excerpt":{"rendered":"<p>Cr\u00e9dito: Pixabay\/CC0 Dominio p\u00fablico El lunes, la UE se mantuvo firme en su negativa a levantar las protecciones de patentes sobre las vacunas COVID, solo unos d\u00edas antes de una cumbre con pa\u00edses de la Uni\u00f3n Africana que ven el tema como una prioridad. Desde octubre de 2020, India y Sud\u00e1frica han liderado llamados en &hellip; <a href=\"https:\/\/www.biblia.work\/articulos-salud\/la-ue-y-africa-en-desacuerdo-por-las-patentes-de-vacunas-antes-de-la-cumbre\/\" class=\"more-link\">Continuar leyendo<span class=\"screen-reader-text\"> \u00abLa UE y \u00c1frica en desacuerdo por las patentes de vacunas antes de la cumbre\u00bb<\/span><\/a><\/p>\n","protected":false},"author":1,"featured_media":0,"comment_status":"","ping_status":"","sticky":false,"template":"","format":"standard","meta":{"footnotes":""},"categories":[1],"tags":[],"class_list":["post-8512","post","type-post","status-publish","format-standard","hentry","category-general"],"_links":{"self":[{"href":"https:\/\/www.biblia.work\/articulos-salud\/wp-json\/wp\/v2\/posts\/8512","targetHints":{"allow":["GET"]}}],"collection":[{"href":"https:\/\/www.biblia.work\/articulos-salud\/wp-json\/wp\/v2\/posts"}],"about":[{"href":"https:\/\/www.biblia.work\/articulos-salud\/wp-json\/wp\/v2\/types\/post"}],"author":[{"embeddable":true,"href":"https:\/\/www.biblia.work\/articulos-salud\/wp-json\/wp\/v2\/users\/1"}],"replies":[{"embeddable":true,"href":"https:\/\/www.biblia.work\/articulos-salud\/wp-json\/wp\/v2\/comments?post=8512"}],"version-history":[{"count":0,"href":"https:\/\/www.biblia.work\/articulos-salud\/wp-json\/wp\/v2\/posts\/8512\/revisions"}],"wp:attachment":[{"href":"https:\/\/www.biblia.work\/articulos-salud\/wp-json\/wp\/v2\/media?parent=8512"}],"wp:term":[{"taxonomy":"category","embeddable":true,"href":"https:\/\/www.biblia.work\/articulos-salud\/wp-json\/wp\/v2\/categories?post=8512"},{"taxonomy":"post_tag","embeddable":true,"href":"https:\/\/www.biblia.work\/articulos-salud\/wp-json\/wp\/v2\/tags?post=8512"}],"curies":[{"name":"wp","href":"https:\/\/api.w.org\/{rel}","templated":true}]}}