{"id":8540,"date":"2022-08-30T02:55:33","date_gmt":"2022-08-30T07:55:33","guid":{"rendered":"https:\/\/www.biblia.work\/articulos-salud\/el-origen-etnico-y-las-privaciones-se-asocian-de-forma-independiente-con-el-riesgo-de-demencia\/"},"modified":"2022-08-30T02:55:33","modified_gmt":"2022-08-30T07:55:33","slug":"el-origen-etnico-y-las-privaciones-se-asocian-de-forma-independiente-con-el-riesgo-de-demencia","status":"publish","type":"post","link":"https:\/\/www.biblia.work\/articulos-salud\/el-origen-etnico-y-las-privaciones-se-asocian-de-forma-independiente-con-el-riesgo-de-demencia\/","title":{"rendered":"El origen \u00e9tnico y las privaciones se asocian de forma independiente con el riesgo de demencia"},"content":{"rendered":"<p>Cr\u00e9dito: Pixabay\/CC0 Dominio p\u00fablico <\/p>\n<p>Las personas de grupos \u00e9tnicos minoritarios y \u00e1reas socioecon\u00f3micamente desfavorecidas enfrentan mayores riesgos de desarrollar demencia, seg\u00fan una nueva investigaci\u00f3n de la Universidad Queen Mary de Londres publicada hoy en The Lancet Regional Health &#8211; Europa. <\/p>\n<p>Los cient\u00edficos creen que el origen \u00e9tnico puede afectar el riesgo de demencia debido a su impacto en otros factores de riesgo como las enfermedades vasculares, el acceso a los servicios de salud, el racismo y las privaciones socioecon\u00f3micas. Sin embargo, la mayor\u00eda de las investigaciones sobre la demencia involucran a personas relativamente ricas de ascendencia europea blanca, por lo que la evidencia existente no puede eliminar los riesgos que enfrentan los diferentes grupos. Esta nueva investigaci\u00f3n es la primera en representar adecuadamente a una poblaci\u00f3n diversa del Reino Unido, estudiando a m\u00e1s de un mill\u00f3n de personas en el East End de Londres.<\/p>\n<p>Investigadores de Queen Mary financiados por una subvenci\u00f3n de Barts Charity analizaron una d\u00e9cada de datos de atenci\u00f3n primaria, comparar los registros m\u00e9dicos de 4137 personas con demencia con los de 15754 personas de edad similar sin demencia. Mientras investigaban si la demencia era m\u00e1s com\u00fan entre las personas de grupos \u00e9tnicos minoritarios o \u00e1reas socioecon\u00f3micamente desfavorecidas, tambi\u00e9n analizaron si la enfermedad podr\u00eda explicarse por otros factores de riesgo cl\u00ednicos y comportamientos de salud.<\/p>\n<p>El estudio encontr\u00f3 que alrededor de 1 de cada Diez casos de demencia se vincularon con el origen \u00e9tnico y un n\u00famero similar con la privaci\u00f3n socioecon\u00f3mica (riesgos atribuibles a la poblaci\u00f3n del 9,7 % y el 11,7 %, respectivamente), incluso despu\u00e9s de ajustar factores de riesgo modificables como el tabaquismo, el peso y la salud vascular. Los eventos estresantes y traum\u00e1ticos de la vida se han relacionado con la demencia, por lo que se cree que problemas como el racismo y el estr\u00e9s inducido por la pobreza podr\u00edan desempe\u00f1ar un papel en el aumento del riesgo de la enfermedad entre estos grupos.<\/p>\n<p>Personas negras y del sur de Asia ten\u00edan m\u00e1s probabilidades de desarrollar demencia que sus hom\u00f3logos blancos (odds ratio de 1,43 y 1,17 respectivamente) y era probable que fueran diagnosticados a una edad m\u00e1s temprana (0,7 y 0,55 respectivamente). Las personas que viv\u00edan en \u00e1reas m\u00e1s desfavorecidas socioecon\u00f3micamente tambi\u00e9n enfrentaban riesgos m\u00e1s altos, con demencia dos veces m\u00e1s com\u00fan en el grupo m\u00e1s pobre en comparaci\u00f3n con el m\u00e1s rico (basado en 10 deciles en los \u00edndices de privaci\u00f3n en ingl\u00e9s).<\/p>\n<p>Los investigadores reconocen el estudio est\u00e1 limitada por la falta de datos sobre algunos factores de riesgo de demencia, como la educaci\u00f3n y la contaminaci\u00f3n del aire. Sin embargo, es probable que el estudio de una sola regi\u00f3n geogr\u00e1fica haya reducido la confusi\u00f3n por factores ambientales; Tambi\u00e9n es poco probable que la educaci\u00f3n pueda explicar la diferencia en los casos de demencia, ya que la investigaci\u00f3n solo ha encontrado que este es un factor de riesgo cuando las personas no tienen educaci\u00f3n secundaria, que es solo el caso del 0.2 por ciento de los adultos del Reino Unido.<\/p>\n<p>Phazha Bothongo, quien dirigi\u00f3 el estudio en el Instituto Wolfson de Salud de la Poblaci\u00f3n de Queen Mary, explic\u00f3: \u00abEstos resultados muestran que la etnicidad y la privaci\u00f3n del \u00e1rea en el este de Londres est\u00e1n asociadas de forma independiente con la demencia y, lo que es m\u00e1s importante, este efecto puede no ser atribuible a otros factores de riesgo Se necesitan m\u00e1s estudios para descubrir los mecanismos subyacentes por los cuales el origen \u00e9tnico y las privaciones confieren este mayor riesgo de demencia, de modo que los esfuerzos para prevenir la enfermedad puedan aplicarse a trav\u00e9s de las fronteras \u00e9tnicas y socioecon\u00f3micas\u00bb.<\/p>\n<p>Dr. Charles Marshall, neur\u00f3logo consultor honorario de Queen Mary y autor principal del estudio, continu\u00f3: \u00abEsta investigaci\u00f3n destaca la necesidad de priorizar las estrategias de prevenci\u00f3n de la demencia en poblaciones diversas y desfavorecidas, donde anteriormente el enfoque se ha centrado en los factores de riesgo modificables. Nuestros hallazgos sugieren que existe puede haber beneficios relativamente modestos al enfocarse en factores de riesgo modificables establecidos, pero potencialmente podr\u00edamos prevenir una mayor proporci\u00f3n de casos al enfocarnos en cualquier factor modificable que subyace al mayor riesgo atribuible a la etnia y la privaci\u00f3n\u00bb. <\/p>\n<p>Explore m\u00e1s<\/p>\n<p> El riesgo de muerte por demencia es mayor entre las personas socioecon\u00f3micamente desfavorecidas <strong>M\u00e1s informaci\u00f3n:<\/strong> Phazha LK Bothongo et al, Riesgo de demencia en una poblaci\u00f3n diversa: un estudio anidado de casos y controles de una sola regi\u00f3n en el East End de Londres, The Lancet Regional Health &#8211; Europe (2022). DOI: 10.1016\/j.lanepe.2022.100321 Proporcionado por Queen Mary, Universidad de Londres <strong>Cita<\/strong>: La etnicidad y la privaci\u00f3n est\u00e1n asociadas de forma independiente con el riesgo de demencia (2022, 11 de febrero) consultado el 29 de agosto de 2022 en https:\/\/ medicalxpress.com\/news\/2022-02-ethnicity-deprivation-independently-dementia.html Este documento est\u00e1 sujeto a derechos de autor. Aparte de cualquier trato justo con fines de estudio o investigaci\u00f3n privados, ninguna parte puede reproducirse sin el permiso por escrito. El contenido se proporciona \u00fanicamente con fines informativos.<\/p>\n","protected":false},"excerpt":{"rendered":"<p>Cr\u00e9dito: Pixabay\/CC0 Dominio p\u00fablico Las personas de grupos \u00e9tnicos minoritarios y \u00e1reas socioecon\u00f3micamente desfavorecidas enfrentan mayores riesgos de desarrollar demencia, seg\u00fan una nueva investigaci\u00f3n de la Universidad Queen Mary de Londres publicada hoy en The Lancet Regional Health &#8211; Europa. Los cient\u00edficos creen que el origen \u00e9tnico puede afectar el riesgo de demencia debido a &hellip; <a href=\"https:\/\/www.biblia.work\/articulos-salud\/el-origen-etnico-y-las-privaciones-se-asocian-de-forma-independiente-con-el-riesgo-de-demencia\/\" class=\"more-link\">Continuar leyendo<span class=\"screen-reader-text\"> \u00abEl origen \u00e9tnico y las privaciones se asocian de forma independiente con el riesgo de demencia\u00bb<\/span><\/a><\/p>\n","protected":false},"author":1,"featured_media":0,"comment_status":"","ping_status":"","sticky":false,"template":"","format":"standard","meta":{"footnotes":""},"categories":[1],"tags":[],"class_list":["post-8540","post","type-post","status-publish","format-standard","hentry","category-general"],"_links":{"self":[{"href":"https:\/\/www.biblia.work\/articulos-salud\/wp-json\/wp\/v2\/posts\/8540","targetHints":{"allow":["GET"]}}],"collection":[{"href":"https:\/\/www.biblia.work\/articulos-salud\/wp-json\/wp\/v2\/posts"}],"about":[{"href":"https:\/\/www.biblia.work\/articulos-salud\/wp-json\/wp\/v2\/types\/post"}],"author":[{"embeddable":true,"href":"https:\/\/www.biblia.work\/articulos-salud\/wp-json\/wp\/v2\/users\/1"}],"replies":[{"embeddable":true,"href":"https:\/\/www.biblia.work\/articulos-salud\/wp-json\/wp\/v2\/comments?post=8540"}],"version-history":[{"count":0,"href":"https:\/\/www.biblia.work\/articulos-salud\/wp-json\/wp\/v2\/posts\/8540\/revisions"}],"wp:attachment":[{"href":"https:\/\/www.biblia.work\/articulos-salud\/wp-json\/wp\/v2\/media?parent=8540"}],"wp:term":[{"taxonomy":"category","embeddable":true,"href":"https:\/\/www.biblia.work\/articulos-salud\/wp-json\/wp\/v2\/categories?post=8540"},{"taxonomy":"post_tag","embeddable":true,"href":"https:\/\/www.biblia.work\/articulos-salud\/wp-json\/wp\/v2\/tags?post=8540"}],"curies":[{"name":"wp","href":"https:\/\/api.w.org\/{rel}","templated":true}]}}