{"id":86,"date":"2022-08-29T22:23:14","date_gmt":"2022-08-30T03:23:14","guid":{"rendered":"https:\/\/www.biblia.work\/articulos-salud\/la-investigacion-examina-los-mecanismos-de-afrontamiento-de-la-perdida-del-olfato-por-el-covid-19\/"},"modified":"2022-08-29T22:23:14","modified_gmt":"2022-08-30T03:23:14","slug":"la-investigacion-examina-los-mecanismos-de-afrontamiento-de-la-perdida-del-olfato-por-el-covid-19","status":"publish","type":"post","link":"https:\/\/www.biblia.work\/articulos-salud\/la-investigacion-examina-los-mecanismos-de-afrontamiento-de-la-perdida-del-olfato-por-el-covid-19\/","title":{"rendered":"La investigaci\u00f3n examina los mecanismos de afrontamiento de la p\u00e9rdida del olfato por el COVID-19"},"content":{"rendered":"<p>Cr\u00e9dito: CC0 Dominio p\u00fablico <\/p>\n<p>Uno de los efectos secundarios m\u00e1s comunes e inquietantes del COVID-19 es la p\u00e9rdida del sentido del olfato. Una nueva investigaci\u00f3n de la Universidad de Cincinnati encontr\u00f3 algunos mecanismos de afrontamiento comunes que ayudaron a los pacientes con COVID-19 a lidiar con un sentido del olfato disminuido, lo que afecta gravemente el sentido del gusto. El estudio fue publicado en el Foro Internacional de Alergias y Rinolog\u00eda. <\/p>\n<p>La combinaci\u00f3n de la p\u00e9rdida del olfato y el gusto, que tambi\u00e9n se conocen como sentidos quimiosensoriales, debido a la COVID-19 ha sido particularmente devastadora, con investigaciones que muestran depresi\u00f3n, ansiedad y deterioro de la calidad de vida asociados. Es algo que Katie Phillips, MD, profesora asistente en el Departamento de Otorrinolaringolog\u00eda, Cirug\u00eda de Cabeza y Cuello de la Facultad de Medicina de la UC, ve en muchos pacientes con COVID-19 que acuden a su cl\u00ednica.<\/p>\n<p>\u00abUna y otra vez nuevamente escuch\u00e9 a la gente hablar sobre &#8216;No puedo saborear nada, pero estoy comiendo un mont\u00f3n de alimentos crujientes o extra\u00f1o hacer x, y o z&#8217;, as\u00ed que dije que tenemos que registrar lo que la gente est\u00e1 haciendo\u00bb, dijo. dice. \u00abEs algo en lo que ahora me enfoco cuando veo a pacientes que han perdido el sentido del olfato debido al COVID-19. Les digo que deben encontrar una manera de compensar, ya que no tenemos un f\u00e1rmaco m\u00e1gico que pueda entenderlos\u00bb. del olfato vuelve por completo cuando ha estado fuera por un tiempo\u00bb.<\/p>\n<p>Phillips continu\u00f3 escuchando a los pacientes compartir sus experiencias despu\u00e9s de COVID-19 de no poder oler nada, lo que estaba afectando su sentido del sabor, y posteriormente, su capacidad para disfrutar de su comida. Un tema com\u00fan fue que las personas com\u00edan m\u00e1s alimentos con texturas distintas, como las fresas, debido a su capacidad para sentir la textura de la fruta. Phillips y sus colegas decidieron realizar un estudio cualitativo para obtener m\u00e1s informaci\u00f3n sobre c\u00f3mo las personas estaban manejando este desaf\u00edo con el objetivo de publicar los hallazgos como una herramienta para asesorar a los pacientes.<\/p>\n<p>Cinco mujeres fueron entrevistadas extensamente sobre sus experiencias con p\u00e9rdida del olfato por el COVID-19.<\/p>\n<p>\u00abLa textura crujiente fue una de esas cosas que la gente mencion\u00f3 junto con la textura, y luego la temperatura y la carbonataci\u00f3n tambi\u00e9n se mencionaron en varias entrevistas\u00bb, dice Phillips. \u00abParec\u00eda que a los pacientes que entrevistamos les gustaban las cosas fr\u00edas. Les gustaban las bebidas carbonatadas y luego les gustaba la textura. Y parte de la textura era diferente. A algunas personas realmente les gustaban las cosas suaves, a otras les gustaban las cosas crujientes en ese sentido. Parec\u00eda como si la textura era un componente realmente importante\u00bb.<\/p>\n<p>Phillips y su equipo documentaron las respuestas de los pacientes en el estudio. Aqu\u00ed hay una muestra:<\/p>\n<p>\u00abQuiero decir, me puedo obligar a comerlo, pero no es agradable como sol\u00eda ser\u00bb.<\/p>\n<p>\u00abEs muy, muy, muy inc\u00f3modo , molesto. Como dije, realmente disfruto la comida. De ir a amar y disfrutar el sabor de la comida, ya no puedo disfrutar o decir que amo la comida\u00bb.<\/p>\n<p>\u00abTambi\u00e9n se vuelve emocional, porque como dije, cocino mucho para mis hijos. Tengo cinco hijos, tengo dos nietos y cocino mucho. Pero ahora es como, no quiero ni cocinar. Mi cocina ha cambiado porque no puedo. No huelo ni saboreo mi comida\u00bb.<\/p>\n<p>Phillips dice que algunas de las respuestas destacaron el impacto emocional en las personas que perdieron el sentido del olfato a causa del COVID-19.<\/p>\n<p>\u00abCreo que la otra Un componente importante de todo este problema es el impacto real en la salud mental que tiene en los pacientes cuando no pueden oler ni saborear\u00bb, dice. \u00abCreo que simplemente hacerles saber a las personas que hay un impacto en la salud mental y reconocerlo para que necesiten ayuda y tratamiento si tienen dificultades y que est\u00e1n en la norma de las personas que se enfrentan a eso\u00bb.<\/p>\n<p>Phillips dice que las personas lidiaron con la p\u00e9rdida del sentido del olfato empleando una variedad de estrategias. Algunos fueron a una tienda de velas oa una cafeter\u00eda para experimentar olores fuertes. Ella lo describe como mucho ensayo y error.<\/p>\n<p>\u00abCreo que sacar el conocimiento es clave\u00bb, dice. \u00abEsto es algo que les repito a mis pacientes. Se trata m\u00e1s de c\u00f3mo las personas en esa situaci\u00f3n pueden compensar. No creo que sea un mecanismo de tratamiento para la p\u00e9rdida del gusto y el olfato. Se trata m\u00e1s de c\u00f3mo lidias con esta p\u00e9rdida\u00bb.<\/p>\n<p>La investigaci\u00f3n se public\u00f3 en el Foro Internacional de Alergia y Rinolog\u00eda. <\/p>\n<p>Explore m\u00e1s<\/p>\n<p> Olor, sabor y recuperaci\u00f3n del sabor de COVID-19 <strong>M\u00e1s informaci\u00f3n:<\/strong> Sameer D. Kini et al, Chemesthesis compensa la disminuci\u00f3n de la sensaci\u00f3n de sabor relacionada con la disfunci\u00f3n quimiosensorial en COVID19, Foro internacional de Alergia y Rinolog\u00eda (2021). DOI: 10.1002\/alr.22892 Proporcionado por la Universidad de Cincinnati <strong>Cita<\/strong>: La investigaci\u00f3n examina los mecanismos de afrontamiento para la p\u00e9rdida del olfato de COVID-19 (2021, 25 de octubre) recuperado el 29 de agosto de 2022 de https:\/\/medicalxpress. com\/news\/2021-10-coping-mechanisms-loss-covid-.html Este documento est\u00e1 sujeto a derechos de autor. Aparte de cualquier trato justo con fines de estudio o investigaci\u00f3n privados, ninguna parte puede reproducirse sin el permiso por escrito. El contenido se proporciona \u00fanicamente con fines informativos.<\/p>\n","protected":false},"excerpt":{"rendered":"<p>Cr\u00e9dito: CC0 Dominio p\u00fablico Uno de los efectos secundarios m\u00e1s comunes e inquietantes del COVID-19 es la p\u00e9rdida del sentido del olfato. Una nueva investigaci\u00f3n de la Universidad de Cincinnati encontr\u00f3 algunos mecanismos de afrontamiento comunes que ayudaron a los pacientes con COVID-19 a lidiar con un sentido del olfato disminuido, lo que afecta gravemente &hellip; <a href=\"https:\/\/www.biblia.work\/articulos-salud\/la-investigacion-examina-los-mecanismos-de-afrontamiento-de-la-perdida-del-olfato-por-el-covid-19\/\" class=\"more-link\">Continuar leyendo<span class=\"screen-reader-text\"> \u00abLa investigaci\u00f3n examina los mecanismos de afrontamiento de la p\u00e9rdida del olfato por el COVID-19\u00bb<\/span><\/a><\/p>\n","protected":false},"author":1,"featured_media":0,"comment_status":"","ping_status":"","sticky":false,"template":"","format":"standard","meta":{"footnotes":""},"categories":[1],"tags":[],"class_list":["post-86","post","type-post","status-publish","format-standard","hentry","category-general"],"_links":{"self":[{"href":"https:\/\/www.biblia.work\/articulos-salud\/wp-json\/wp\/v2\/posts\/86","targetHints":{"allow":["GET"]}}],"collection":[{"href":"https:\/\/www.biblia.work\/articulos-salud\/wp-json\/wp\/v2\/posts"}],"about":[{"href":"https:\/\/www.biblia.work\/articulos-salud\/wp-json\/wp\/v2\/types\/post"}],"author":[{"embeddable":true,"href":"https:\/\/www.biblia.work\/articulos-salud\/wp-json\/wp\/v2\/users\/1"}],"replies":[{"embeddable":true,"href":"https:\/\/www.biblia.work\/articulos-salud\/wp-json\/wp\/v2\/comments?post=86"}],"version-history":[{"count":0,"href":"https:\/\/www.biblia.work\/articulos-salud\/wp-json\/wp\/v2\/posts\/86\/revisions"}],"wp:attachment":[{"href":"https:\/\/www.biblia.work\/articulos-salud\/wp-json\/wp\/v2\/media?parent=86"}],"wp:term":[{"taxonomy":"category","embeddable":true,"href":"https:\/\/www.biblia.work\/articulos-salud\/wp-json\/wp\/v2\/categories?post=86"},{"taxonomy":"post_tag","embeddable":true,"href":"https:\/\/www.biblia.work\/articulos-salud\/wp-json\/wp\/v2\/tags?post=86"}],"curies":[{"name":"wp","href":"https:\/\/api.w.org\/{rel}","templated":true}]}}