{"id":11698,"date":"2022-07-26T12:26:15","date_gmt":"2022-07-26T17:26:15","guid":{"rendered":"https:\/\/www.biblia.work\/articulos\/se-revelara-la-declaracion-de-la-vision-de-la-planificacion-maestra-principal\/"},"modified":"2022-07-26T12:26:15","modified_gmt":"2022-07-26T17:26:15","slug":"se-revelara-la-declaracion-de-la-vision-de-la-planificacion-maestra-principal","status":"publish","type":"post","link":"https:\/\/www.biblia.work\/articulos\/se-revelara-la-declaracion-de-la-vision-de-la-planificacion-maestra-principal\/","title":{"rendered":"Se revelar\u00e1 la declaraci\u00f3n de la visi\u00f3n de la planificaci\u00f3n maestra principal"},"content":{"rendered":"<div class='resource__body'>\n<p> Durante m\u00e1s de ocho meses, el equipo de planificaci\u00f3n maestra ha orado, evaluado, estudiado, pensado y discutido el futuro de Bel\u00e9n. El resultado de ese esfuerzo es un documento importante que ahora ha sido aprobado por el Consejo de Ancianos. Contiene nuestra <strong>Misi\u00f3n, Din\u00e1mica Espiritual, Valores, Visi\u00f3n Reafirmada e Iniciativas Nuevas<\/strong>. Creo que este documento tiene las huellas dactilares de Dios por todas partes. Tiene el aroma de su Esp\u00edritu. Es una palabra profunda, rica y fresca sobre qui\u00e9nes somos y hacia d\u00f3nde vamos. Todos los que asistan a Bethlehem estar\u00e1n muy interesados en lo que dice. <\/p>\n<p> El Documento de Planificaci\u00f3n Maestra se entregar\u00e1 a todos el domingo 24 de septiembre por la ma\u00f1ana. Lo revisaremos en el servicio del domingo por la ma\u00f1ana y adoraremos al Dios para el cual fue escrito. A partir de ese d\u00eda y durante el oto\u00f1o, predicar\u00e9 sobre los fundamentos b\u00edblicos y las aplicaciones de esta Visi\u00f3n para Bel\u00e9n. <\/p>\n<p> Adem\u00e1s de la serie de pr\u00e9dicas, el Equipo Maestro de Planificaci\u00f3n y los Ancianos designar\u00e1n durante el a\u00f1o varias ocasiones en las que la congregaci\u00f3n pueda interactuar con nosotros en relaci\u00f3n con el documento. Nuestro objetivo es tener la mayor comprensi\u00f3n posible. Nuestra oraci\u00f3n es que el gozo que sentimos por esta visi\u00f3n se extienda a todo nuestro pueblo. <\/p>\n<p> Junto con el esfuerzo de este oto\u00f1o para compartir la visi\u00f3n con la congregaci\u00f3n, hay unos 19 subgrupos de planificaci\u00f3n que trabajar\u00e1n para desarrollar la visi\u00f3n en planes m\u00e1s particulares en varias \u00e1reas del ministerio. Los ancianos revisar\u00e1n estas propuestas de planificaci\u00f3n hacia el final del a\u00f1o. En el nuevo a\u00f1o estaremos en condiciones de presentar un <strong>plan de ministerio y misi\u00f3n<\/strong> m\u00e1s concreto basado en el documento de Visi\u00f3n. Esto nos llevar\u00e1 hasta el 17 de marzo cuando tendremos un llamado culminante para el compromiso de toda la iglesia para hacer realidad los sue\u00f1os bajo la habilitaci\u00f3n de la gracia de Dios. <\/p>\n<p> Estos son d\u00edas emocionantes y cruciales de autodefinici\u00f3n para Bel\u00e9n. Varios de los subgrupos de planificaci\u00f3n est\u00e1n lidiando con problemas apremiantes. Por ejemplo, Tim Tomlinson preside el <strong>Grupo de Planificaci\u00f3n de M\u00fasica y Adoraci\u00f3n<\/strong>. Los ancianos anunciar\u00e1n en breve qui\u00e9nes son los miembros de este grupo. Su responsabilidad ser\u00e1 proponer a los ancianos un plan de m\u00fasica y adoraci\u00f3n en Bel\u00e9n. Entonces su tarea ser\u00e1 buscar un nuevo &ldquo;<em>adorador principal<\/em>&rdquo; (Ministro de M\u00fasica y Culto) que puede implementar el plan. Se le mantendr\u00e1 informado a lo largo del camino. Su aporte constructivo ser\u00e1 valorado. <\/p>\n<p> Daremos a conocer todos los subgrupos de planificaci\u00f3n en unas pocas semanas y le daremos nombres y n\u00fameros de tel\u00e9fono para que pueda compartir sus ideas sobre las diversas \u00e1reas del ministerio. <\/p>\n<p> Por ahora, <strong>siga orando<\/strong> por todo este proceso de Planificaci\u00f3n Maestra. Va mucho mejor de lo que esperaba. Esto, creo, se debe a la obra del Esp\u00edritu Santo en el Equipo Maestro de Planificaci\u00f3n de acuerdo con miles de oraciones fervientes. <\/p>\n<p> Estoy emocionado de navegar contigo hacia ese lugar brillante y desconocido llamado el futuro en Bel\u00e9n. <\/p>\n<p> Pastor Juan <\/p>\n<\/p><\/div>\n","protected":false},"excerpt":{"rendered":"<p>Durante m\u00e1s de ocho meses, el equipo de planificaci\u00f3n maestra ha orado, evaluado, estudiado, pensado y discutido el futuro de Bel\u00e9n. El resultado de ese esfuerzo es un documento importante que ahora ha sido aprobado por el Consejo de Ancianos. Contiene nuestra Misi\u00f3n, Din\u00e1mica Espiritual, Valores, Visi\u00f3n Reafirmada e Iniciativas Nuevas. Creo que este documento &hellip; <a href=\"https:\/\/www.biblia.work\/articulos\/se-revelara-la-declaracion-de-la-vision-de-la-planificacion-maestra-principal\/\" class=\"more-link\">Continuar leyendo<span class=\"screen-reader-text\"> \u00abSe revelar\u00e1 la declaraci\u00f3n de la visi\u00f3n de la planificaci\u00f3n maestra principal\u00bb<\/span><\/a><\/p>\n","protected":false},"author":1,"featured_media":0,"comment_status":"","ping_status":"","sticky":false,"template":"","format":"standard","meta":{"footnotes":""},"categories":[1],"tags":[],"class_list":["post-11698","post","type-post","status-publish","format-standard","hentry","category-general"],"_links":{"self":[{"href":"https:\/\/www.biblia.work\/articulos\/wp-json\/wp\/v2\/posts\/11698","targetHints":{"allow":["GET"]}}],"collection":[{"href":"https:\/\/www.biblia.work\/articulos\/wp-json\/wp\/v2\/posts"}],"about":[{"href":"https:\/\/www.biblia.work\/articulos\/wp-json\/wp\/v2\/types\/post"}],"author":[{"embeddable":true,"href":"https:\/\/www.biblia.work\/articulos\/wp-json\/wp\/v2\/users\/1"}],"replies":[{"embeddable":true,"href":"https:\/\/www.biblia.work\/articulos\/wp-json\/wp\/v2\/comments?post=11698"}],"version-history":[{"count":0,"href":"https:\/\/www.biblia.work\/articulos\/wp-json\/wp\/v2\/posts\/11698\/revisions"}],"wp:attachment":[{"href":"https:\/\/www.biblia.work\/articulos\/wp-json\/wp\/v2\/media?parent=11698"}],"wp:term":[{"taxonomy":"category","embeddable":true,"href":"https:\/\/www.biblia.work\/articulos\/wp-json\/wp\/v2\/categories?post=11698"},{"taxonomy":"post_tag","embeddable":true,"href":"https:\/\/www.biblia.work\/articulos\/wp-json\/wp\/v2\/tags?post=11698"}],"curies":[{"name":"wp","href":"https:\/\/api.w.org\/{rel}","templated":true}]}}