{"id":11711,"date":"2022-07-26T12:26:39","date_gmt":"2022-07-26T17:26:39","guid":{"rendered":"https:\/\/www.biblia.work\/articulos\/el-verano-es-para-ver-y-mostrar-a-dios\/"},"modified":"2022-07-26T12:26:39","modified_gmt":"2022-07-26T17:26:39","slug":"el-verano-es-para-ver-y-mostrar-a-dios","status":"publish","type":"post","link":"https:\/\/www.biblia.work\/articulos\/el-verano-es-para-ver-y-mostrar-a-dios\/","title":{"rendered":"El verano es para ver y mostrar&nbsp;a Dios"},"content":{"rendered":"<div class='resource__body'>\n<p> <em>Este es el qu\u00e9 y el por qu\u00e9 de algunos cambios en el horario de verano. No todos esos. Los ministerios de ni\u00f1os y j\u00f3venes est\u00e1n produciendo calendarios separados y detallados para sus eventos y ministerios de verano. Este art\u00edculo solo se relaciona con los domingos y la oraci\u00f3n entre semana.<\/em> <\/p>\n<p> Dios hace algunas cosas nuevas en el verano. Deber\u00edamos preguntar por qu\u00e9. <\/p>\n<p> 1) Hace que la luz del d\u00eda sea m\u00e1s larga. \u00bfPor qu\u00e9? Parte de esto tiene que ver con los cultivos, las aves y la fotos\u00edntesis. Pero tambi\u00e9n tiene que ver con pasar el rato en la noche donde podr\u00edas hablar con personas que en el invierno est\u00e1n escondidas en sus casas. Tambi\u00e9n es un indicador hacia el cielo cuando &ldquo;ya no habr\u00e1 <em>ninguna<\/em> noche&rdquo; (Apocalipsis 22:5). Los d\u00edas largos muestran la gloria de un Dios \u00abque es luz y en quien no hay oscuridad alguna\u00bb. (1 Juan 1:5). <\/p>\n<p> 2) Hace que la temperatura sea m\u00e1s c\u00e1lida. \u00bfPor qu\u00e9? Bueno, esto tambi\u00e9n tiene que ver con flores y \u00e1rboles y cultivos, porque \u00e9l nos ama. Pero existen otras razones. Lo hace para que pasemos tiempo al aire libre y nos encontremos con gente en el vecindario y en el parque que no encontrar\u00edamos corriendo por calor en el invierno. Tambi\u00e9n lo hace para que salgamos al anochecer y miremos hacia arriba, donde \u00c9l tiene su gloria en exhibici\u00f3n en las estrellas. &ldquo;Los cielos cuentan la gloria de Dios&hellip;noche tras noche revela el conocimiento&rdquo; (Salmo 19:1-2). <\/p>\n<p> 3) En nuestra cultura Dios ha ordenado que los ni\u00f1os no vayan a la escuela en el verano. \u00bfPor qu\u00e9? Una raz\u00f3n es reducir el estr\u00e9s en los ni\u00f1os y las familias. Los ni\u00f1os (y las mam\u00e1s) pueden tener &ldquo;Tiempo b\u00edblico&rdquo; (como lo llamamos nosotros) sin prisas. Dormir lo suficiente es posible. Otra raz\u00f3n es abrir oportunidades para viajar y ver la obra de Dios en otro lugar (15 millas de distancia o 1500 millas de distancia). Monta\u00f1as, lagos, r\u00edos, llanuras, oc\u00e9anos e incluso ciudades revelan las obras de Dios. Otra raz\u00f3n es abrir oportunidades de ministerio para ni\u00f1os y familias. Puede haber muchas reuniones naturales con creyentes y no creyentes en el horario de verano menos estresante. <\/p>\n<p> El verano es para ver y mostrar a Dios. No dejes que el pensamiento carnal se apodere de tu mente que el verano es un vac\u00edo espiritual. Esa <em>no<\/em> es la visi\u00f3n de Dios de las cosas. \u00c9l est\u00e1 mostrando glorias para ser visto y adorado. \u00c9l est\u00e1 acariciando al mundo con misericordia (Mateo 5:45). Su verano \u00abla bondad est\u00e1 destinada a conducir al arrepentimiento\u00bb; (Romanos 2:4). Un\u00e1monos a Dios en su amor por las personas en el verano y hagamos de \u00e9l un encuentro fresco con \u00e9l a la luz de su amor. <\/p>\n<p> A partir del 11 de junio y hasta el fin de semana del D\u00eda del Trabajo, este es el horario de los domingos: <\/p>\n<ul>\n<li><strong>Domingos por la ma\u00f1ana:<br \/> <\/strong><em>9:00 Escuela Dominical<\/em><br \/> <em> 10:30 Adoraci\u00f3n matutina<\/em><\/li>\n<li><strong>Domingos por la noche: cada dos domingos<\/strong><br \/> <strong> <\/strong><em>7:00 Reuni\u00f3n familiar del domingo por la noche<\/em><br \/> <em> 8:15 Despu\u00e9s, quedarse con la familia y la comida<\/em><\/li>\n<li><strong>Domingos alternos<\/strong><br \/> <strong> <\/strong><em>7:00 Adoraci\u00f3n, oraci\u00f3n y ministraci\u00f3n hacia el despertar espiritual<\/em><\/li>\n<\/ul>\n<p> Sentimos que Dios est\u00e1 pasando por la tierra con especial bendici\u00f3n en estos d\u00edas. Parece el momento adecuado para buscar su plenitud y poder de maneras extraordinarias. De ah\u00ed estos seis tiempos especiales de las tardes de verano para adorar y orar para que \u201cvenga a nosotros como la lluvia primaveral que riega la tierra\u201d. (Oseas 6:3). <\/p>\n<p> Estas son algunas de las ventajas que persuadieron al personal y a los ancianos a ir primero con la Escuela Dominical y despu\u00e9s con la Adoraci\u00f3n: <\/p>\n<p> 1) Cuando combina a los que van regularmente al servicio vespertino con los que regularmente van tanto a la adoraci\u00f3n temprana como a la escuela dominical, es una gran mayor\u00eda de nuestra gente. Por lo tanto, el nuevo horario de verano no afectar\u00e1 el horario de la mayor\u00eda de las personas. <\/p>\n<p> 2) Creemos que Dios se mover\u00e1 en nuestros servicios de verano para que la oraci\u00f3n, el ministerio y el compa\u00f1erismo despu\u00e9s del servicio de adoraci\u00f3n sean naturales. Esto no entrar\u00e1 en conflicto con la escuela dominical si el servicio de adoraci\u00f3n es lo \u00faltimo programado. <\/p>\n<p> 3) Los miembros mayores y aquellos que trabajan con la Iglesia de Laos encontrar\u00e1n este horario familiar como una ayuda. <\/p>\n<p> 4) Nuestra oraci\u00f3n es que, en una atm\u00f3sfera fresca de amor acogedor, aquellos que visiten la iglesia durante el servicio de adoraci\u00f3n sean invitados espont\u00e1neamente a nuestras casas despu\u00e9s del servicio para el almuerzo. <\/p>\n<p> En lugar de la oraci\u00f3n de los mi\u00e9rcoles por la noche, habr\u00e1 <strong><em>horas de oraci\u00f3n todos los d\u00edas durante la semana.<\/em><\/strong> <em>Lunes 7-7:30; Martes 6:30-7; Mi\u00e9rcoles 12:15-1:45; jueves 12:15-1:45; Viernes 6:30-7. <\/em>Estos ser\u00e1n dirigidos por el personal pastoral y otros. Con las tardes de los mi\u00e9rcoles libres, estamos orando para que haya mucho evangelismo relacional natural y alegre a lo largo de la semana. <\/p>\n<p> Buscando al Hijo contigo este verano, <\/p>\n<p> Pastor John <\/p>\n<\/p><\/div>\n","protected":false},"excerpt":{"rendered":"<p>Este es el qu\u00e9 y el por qu\u00e9 de algunos cambios en el horario de verano. No todos esos. Los ministerios de ni\u00f1os y j\u00f3venes est\u00e1n produciendo calendarios separados y detallados para sus eventos y ministerios de verano. Este art\u00edculo solo se relaciona con los domingos y la oraci\u00f3n entre semana. Dios hace algunas cosas &hellip; <a href=\"https:\/\/www.biblia.work\/articulos\/el-verano-es-para-ver-y-mostrar-a-dios\/\" class=\"more-link\">Continuar leyendo<span class=\"screen-reader-text\"> \u00abEl verano es para ver y mostrar&nbsp;a Dios\u00bb<\/span><\/a><\/p>\n","protected":false},"author":1,"featured_media":0,"comment_status":"","ping_status":"","sticky":false,"template":"","format":"standard","meta":{"footnotes":""},"categories":[1],"tags":[],"class_list":["post-11711","post","type-post","status-publish","format-standard","hentry","category-general"],"_links":{"self":[{"href":"https:\/\/www.biblia.work\/articulos\/wp-json\/wp\/v2\/posts\/11711","targetHints":{"allow":["GET"]}}],"collection":[{"href":"https:\/\/www.biblia.work\/articulos\/wp-json\/wp\/v2\/posts"}],"about":[{"href":"https:\/\/www.biblia.work\/articulos\/wp-json\/wp\/v2\/types\/post"}],"author":[{"embeddable":true,"href":"https:\/\/www.biblia.work\/articulos\/wp-json\/wp\/v2\/users\/1"}],"replies":[{"embeddable":true,"href":"https:\/\/www.biblia.work\/articulos\/wp-json\/wp\/v2\/comments?post=11711"}],"version-history":[{"count":0,"href":"https:\/\/www.biblia.work\/articulos\/wp-json\/wp\/v2\/posts\/11711\/revisions"}],"wp:attachment":[{"href":"https:\/\/www.biblia.work\/articulos\/wp-json\/wp\/v2\/media?parent=11711"}],"wp:term":[{"taxonomy":"category","embeddable":true,"href":"https:\/\/www.biblia.work\/articulos\/wp-json\/wp\/v2\/categories?post=11711"},{"taxonomy":"post_tag","embeddable":true,"href":"https:\/\/www.biblia.work\/articulos\/wp-json\/wp\/v2\/tags?post=11711"}],"curies":[{"name":"wp","href":"https:\/\/api.w.org\/{rel}","templated":true}]}}