{"id":11724,"date":"2022-07-26T12:27:04","date_gmt":"2022-07-26T17:27:04","guid":{"rendered":"https:\/\/www.biblia.work\/articulos\/orarias-por-la-conferencia-de-belen-para-pastores\/"},"modified":"2022-07-26T12:27:04","modified_gmt":"2022-07-26T17:27:04","slug":"orarias-por-la-conferencia-de-belen-para-pastores","status":"publish","type":"post","link":"https:\/\/www.biblia.work\/articulos\/orarias-por-la-conferencia-de-belen-para-pastores\/","title":{"rendered":"\u00bfOrar\u00edas por la Conferencia de Bel\u00e9n para pastores?"},"content":{"rendered":"<div class='resource__body'>\n<p> Desde la noche del lunes 30 de enero hasta el mediod\u00eda del 1 de febrero, entre doscientos y trescientos pastores estar\u00e1n adorando, orando, escuchando, pensando y discutiendo aqu\u00ed en Bel\u00e9n. El tema de este a\u00f1o es <em>La primac\u00eda de la predicaci\u00f3n expositiva: prioridades y peligros.<\/em> <\/p>\n<p> El orador principal sobre ese tema es el profesor Don Carson de Trinity Evangelical Divinity School. Don dice que la predicaci\u00f3n es su &ldquo;primera pasi\u00f3n&rdquo; lo cual es algo notable para uno de los principales acad\u00e9micos de investigaci\u00f3n b\u00edblica de Estados Unidos. Estoy agradecido de que venga a compartir su pasi\u00f3n y reavivar la nuestra. <\/p>\n<p> Mi amigo John Armstrong va a hablar desde el punto de vista de alguien que pas\u00f3 cerca de dos d\u00e9cadas en el ministerio pastoral, predicando a la misma congregaci\u00f3n durante la mayor parte de ese tiempo. Ahora tiene una obra itinerante llamada <em>Ministerios de Reforma y Avivamiento<\/em>. Le ped\u00ed a John que hablara de su experiencia interpretada b\u00edblicamente y de lo que ve mientras viaja entre las iglesias hoy. Su t\u00edtulo es, <em>Tienes un cargo solemne: predica la palabra.<\/em> Puedes pedir su excelente Journal (<em>Reformation and Revival)<\/em>, junto con buenos recursos de cintas, en 152 Yuma Lane , Carol Stream, IL 60188. <\/p>\n<p> Doug Nichols es en gran parte responsable de la participaci\u00f3n de Bethlehem en Ruanda. Es el director internacional de ACTION International Ministries, que se centra en gran medida en las asombrosas necesidades de millones de ni\u00f1os de la calle en todo el mundo. Nunca he conocido gente como Doug Nichols, una combinaci\u00f3n de teolog\u00eda reformada y celo incansable, poni\u00e9ndola en acci\u00f3n para los m\u00e1s desfavorecidos. Espero que Doug me inquiete. Es arriesgado estar cerca. Le he pedido a Doug que lleve la Conferencia a un cl\u00edmax exhort\u00e1ndonos a ponerlo todo en pr\u00e1ctica para los grandes prop\u00f3sitos del reino de Dios en el mundo. <\/p>\n<p> Dar\u00e9 un mensaje titulado, <em>Charles Spurgeon: Predicando a trav\u00e9s de la adversidad.<\/em> \u00a1Qu\u00e9 hombre era Spurgeon! Solo leerlo en estos \u00faltimos meses me ha llenado de celo por conocer el poder energizante de Dios m\u00e1s plenamente en mi vida de la manera en que \u00e9l parec\u00eda conocerlo y de la manera en que Pablo lo sab\u00eda cuando dijo: \u00abTrabajo, luchando de acuerdo con su poder que obra poderosamente dentro de m\u00ed&rdquo; (Colosenses 1:29). <\/p>\n<p> \u00bfOrar\u00edas por nosotros, los oradores y los participantes? Vienen de lugares tan lejanos como Maine y California. Uno estar\u00e1 aqu\u00ed desde Inglaterra. Ore para que Dios nos renueve y fortalezca nuestras manos para el trabajo que nos ha llamado a hacer. Ore para que cientos de iglesias sean poderosamente bendecidas por el gozo fresco y la visi\u00f3n b\u00edblica que reciben sus pastores. <\/p>\n<p> Mire el aviso de la Conferencia en la portada de este Star. Consulte con Jon Bloom si desea ayudar de alguna manera. Ora por \u00e9l. La carga es grande en estos d\u00edas. \u00a1Ahorra para la librer\u00eda! Gracias por todo su apoyo. <\/p>\n<p> Pastor Juan <\/p>\n<\/p><\/div>\n","protected":false},"excerpt":{"rendered":"<p>Desde la noche del lunes 30 de enero hasta el mediod\u00eda del 1 de febrero, entre doscientos y trescientos pastores estar\u00e1n adorando, orando, escuchando, pensando y discutiendo aqu\u00ed en Bel\u00e9n. El tema de este a\u00f1o es La primac\u00eda de la predicaci\u00f3n expositiva: prioridades y peligros. El orador principal sobre ese tema es el profesor Don &hellip; <a href=\"https:\/\/www.biblia.work\/articulos\/orarias-por-la-conferencia-de-belen-para-pastores\/\" class=\"more-link\">Continuar leyendo<span class=\"screen-reader-text\"> \u00ab\u00bfOrar\u00edas por la Conferencia de Bel\u00e9n para pastores?\u00bb<\/span><\/a><\/p>\n","protected":false},"author":1,"featured_media":0,"comment_status":"","ping_status":"","sticky":false,"template":"","format":"standard","meta":{"footnotes":""},"categories":[1],"tags":[],"class_list":["post-11724","post","type-post","status-publish","format-standard","hentry","category-general"],"_links":{"self":[{"href":"https:\/\/www.biblia.work\/articulos\/wp-json\/wp\/v2\/posts\/11724","targetHints":{"allow":["GET"]}}],"collection":[{"href":"https:\/\/www.biblia.work\/articulos\/wp-json\/wp\/v2\/posts"}],"about":[{"href":"https:\/\/www.biblia.work\/articulos\/wp-json\/wp\/v2\/types\/post"}],"author":[{"embeddable":true,"href":"https:\/\/www.biblia.work\/articulos\/wp-json\/wp\/v2\/users\/1"}],"replies":[{"embeddable":true,"href":"https:\/\/www.biblia.work\/articulos\/wp-json\/wp\/v2\/comments?post=11724"}],"version-history":[{"count":0,"href":"https:\/\/www.biblia.work\/articulos\/wp-json\/wp\/v2\/posts\/11724\/revisions"}],"wp:attachment":[{"href":"https:\/\/www.biblia.work\/articulos\/wp-json\/wp\/v2\/media?parent=11724"}],"wp:term":[{"taxonomy":"category","embeddable":true,"href":"https:\/\/www.biblia.work\/articulos\/wp-json\/wp\/v2\/categories?post=11724"},{"taxonomy":"post_tag","embeddable":true,"href":"https:\/\/www.biblia.work\/articulos\/wp-json\/wp\/v2\/tags?post=11724"}],"curies":[{"name":"wp","href":"https:\/\/api.w.org\/{rel}","templated":true}]}}