{"id":11869,"date":"2022-07-26T12:31:36","date_gmt":"2022-07-26T17:31:36","guid":{"rendered":"https:\/\/www.biblia.work\/articulos\/oren-por-200-pastores\/"},"modified":"2022-07-26T12:31:36","modified_gmt":"2022-07-26T17:31:36","slug":"oren-por-200-pastores","status":"publish","type":"post","link":"https:\/\/www.biblia.work\/articulos\/oren-por-200-pastores\/","title":{"rendered":"Oren por 200&nbsp;pastores"},"content":{"rendered":"<div class='resource__body'>\n<p> Por favor, oren por Larry Crabb, Sam Storms, Ralph Winter y por m\u00ed mientras nos preparamos para hablar en la quinta Conferencia Anual de Bel\u00e9n para Pastores, del 27 al 29 de enero. Oren por Shelley Solin, quien soporta una enorme carga administrativa para que esta conferencia se lleve a cabo. Y llama para ofrecerte como voluntario para ayudarla con los detalles. <\/p>\n<p> Anhelo que la congregaci\u00f3n de Bethlehem sea due\u00f1a de esta conferencia como nuestro ministerio para 200 pastores. Esa es la cantidad por la que rezo para que vengan este a\u00f1o (150 el a\u00f1o pasado). Si ora como lo hizo Daniel, Dios enviar\u00e1 tal ayuda desde el cielo que el efecto espiritual de la conferencia ser\u00e1 tremendo. Tus oraciones se multiplicar\u00e1n en cientos de iglesias y vidas. <\/p>\n<p> El tema de este a\u00f1o es: Dios, Congregaci\u00f3n y Codependencia. Larry Crabb, el orador principal, parece b\u00edblicamente equilibrado al ser sensible al dolor de las relaciones disfuncionales y, sin embargo, esc\u00e9ptico sobre el lugar de Dios en el pensamiento y la terapia codependientes t\u00edpicos. Recientemente dijo: \u00abMe preocupa que el movimiento de codependencia se est\u00e9 convirtiendo en una forma de vida, incluso en una religi\u00f3n\u00bb. <\/p>\n<p> Le he pedido que responda a tres preguntas: 1) &quot;A qui\u00e9n predicamos&quot; \u00bfLos problemas de las personas son significativamente diferentes a los de las generaciones anteriores? \u00bfC\u00f3mo ha moldeado nuestra sociedad terap\u00e9utica y adictiva a nuestra gente? 2) \u00ab\u00bfQu\u00e9 es el Movimiento de Codependencia?\u00bb \u00bfQu\u00e9 est\u00e1 bien y qu\u00e9 est\u00e1 mal en ello? \u00bfC\u00f3mo est\u00e1 afectando nuestro concepto de totalidad y sanaci\u00f3n? 3) \u00ab\u00bfC\u00f3mo entonces predicaremos?\u00bb \u00bfCu\u00e1l es el camino b\u00edblico hacia la plenitud? \u00bfC\u00f3mo trabajan juntas la predicaci\u00f3n y la consejer\u00eda en el proceso de transformaci\u00f3n b\u00edblica? <\/p>\n<p> Samuel Storms, pastor de Christ Community Church en Ardmore, Oklahoma, abordar\u00e1 el mismo complejo de problemas desde la perspectiva del pastor bajo el t\u00edtulo: &quot;Pasi\u00f3n por la predicaci\u00f3n y pasi\u00f3n por la gente: Ense\u00f1ando la verdad y tocando los corazones.\u201d Esto va a ser personal y poderoso (tal vez, doloroso). <\/p>\n<p> El estadista y estratega misionero Ralph Winter llevar\u00e1 las cosas a su cl\u00edmax con un discurso titulado \u00abTerminar la Gran Comisi\u00f3n con personas inconclusas: \u00bfDeber\u00edamos esperar hasta que estemos bien?\u00bb \u00bfQu\u00e9 pasa con todos los soldados introspectivos, egoc\u00e9ntricos, hipersensibles, sin padres, heridos, maltratados, adictos y deprimidos? \u00bfEs esto algo nuevo en la historia de las misiones? \u00bfEstamos m\u00e1s enfermos de lo que sol\u00edamos estar? \u00bfPuede la tarea de la evangelizaci\u00f3n del mundo ser terminada por personas tan inconclusas? <\/p>\n<p> Espero encajar haciendo un estudio biogr\u00e1fico de William Cowper, quien hace 200 a\u00f1os en Inglaterra se suicidaba con frecuencia, pero escribi\u00f3 &quot;Hay una fuente llena de sangre&quot; y \u00abDios se mueve de manera misteriosa\u00bb. Uno de sus himnos menos conocidos es asombrosamente relevante. T\u00f3malo como una oraci\u00f3n por nosotros y por nuestras iglesias: <\/p>\n<p> S\u00e1nanos, Emanuel, escucha nuestra oraci\u00f3n;<br \/> Esperamos sentir tu toque;<br \/> Almas profundamente heridas a ti reparas ,<br \/> Y Salvador, somos tales. <\/p>\n<p> John Piper <\/p>\n<\/p><\/div>\n","protected":false},"excerpt":{"rendered":"<p>Por favor, oren por Larry Crabb, Sam Storms, Ralph Winter y por m\u00ed mientras nos preparamos para hablar en la quinta Conferencia Anual de Bel\u00e9n para Pastores, del 27 al 29 de enero. Oren por Shelley Solin, quien soporta una enorme carga administrativa para que esta conferencia se lleve a cabo. Y llama para ofrecerte &hellip; <a href=\"https:\/\/www.biblia.work\/articulos\/oren-por-200-pastores\/\" class=\"more-link\">Continuar leyendo<span class=\"screen-reader-text\"> \u00abOren por 200&nbsp;pastores\u00bb<\/span><\/a><\/p>\n","protected":false},"author":1,"featured_media":0,"comment_status":"","ping_status":"","sticky":false,"template":"","format":"standard","meta":{"footnotes":""},"categories":[1],"tags":[],"class_list":["post-11869","post","type-post","status-publish","format-standard","hentry","category-general"],"_links":{"self":[{"href":"https:\/\/www.biblia.work\/articulos\/wp-json\/wp\/v2\/posts\/11869","targetHints":{"allow":["GET"]}}],"collection":[{"href":"https:\/\/www.biblia.work\/articulos\/wp-json\/wp\/v2\/posts"}],"about":[{"href":"https:\/\/www.biblia.work\/articulos\/wp-json\/wp\/v2\/types\/post"}],"author":[{"embeddable":true,"href":"https:\/\/www.biblia.work\/articulos\/wp-json\/wp\/v2\/users\/1"}],"replies":[{"embeddable":true,"href":"https:\/\/www.biblia.work\/articulos\/wp-json\/wp\/v2\/comments?post=11869"}],"version-history":[{"count":0,"href":"https:\/\/www.biblia.work\/articulos\/wp-json\/wp\/v2\/posts\/11869\/revisions"}],"wp:attachment":[{"href":"https:\/\/www.biblia.work\/articulos\/wp-json\/wp\/v2\/media?parent=11869"}],"wp:term":[{"taxonomy":"category","embeddable":true,"href":"https:\/\/www.biblia.work\/articulos\/wp-json\/wp\/v2\/categories?post=11869"},{"taxonomy":"post_tag","embeddable":true,"href":"https:\/\/www.biblia.work\/articulos\/wp-json\/wp\/v2\/tags?post=11869"}],"curies":[{"name":"wp","href":"https:\/\/api.w.org\/{rel}","templated":true}]}}