{"id":11911,"date":"2022-07-26T12:32:54","date_gmt":"2022-07-26T17:32:54","guid":{"rendered":"https:\/\/www.biblia.work\/articulos\/la-cuarta-conferencia-anual-de-belen-para-pastores\/"},"modified":"2022-07-26T12:32:54","modified_gmt":"2022-07-26T17:32:54","slug":"la-cuarta-conferencia-anual-de-belen-para-pastores","status":"publish","type":"post","link":"https:\/\/www.biblia.work\/articulos\/la-cuarta-conferencia-anual-de-belen-para-pastores\/","title":{"rendered":"La Cuarta Conferencia Anual de Bel\u00e9n para Pastores"},"content":{"rendered":"<div class='resource__body'>\n<p> Este es un llamado a orar por nuestra pr\u00f3xima conferencia. Para guiar su oraci\u00f3n imprimo aqu\u00ed la carta que envi\u00e9 a todos los pastores en nuestra lista de correo. Le muestra el esp\u00edritu y el contenido y los oradores de la conferencia. Nuestras inscripciones se adelantan a las de otros a\u00f1os, por lo que anticipo una asistencia significativa y un tiempo poderoso de estudio, oraci\u00f3n y adoraci\u00f3n. Ore para que Dios nos ense\u00f1e la verdad y nos llene con su Esp\u00edritu y nos capacite a todos para guiar a nuestros reba\u00f1os con la camiseta (1 Pedro 5:5) de humildad y el manto del poder divino (Lucas 24:49). <\/p>\n<p> \u00a1Queridos amigos! <\/p>\n<p> Los invito a la Conferencia de Bel\u00e9n para Pastores porque&hellip; <\/p>\n<p> Quiero pensar y orar con ustedes sobre el extraordinario poder del Esp\u00edritu Santo, o lo que sea que Jes\u00fas quiso decir cuando les dijo a los disc\u00edpulos: \u00abQu\u00e9dense en la ciudad hasta que est\u00e9n <em>vestidos de poder\u00bb. desde lo alto<\/em>&rdquo; (Lucas 24:49). Quiero que me ayudes a \u00abexaminarlo todo y aferrarte a lo bueno\u00bb. (1 Tesalonicenses 5:21). Espec\u00edficamente, quiero que eval\u00faemos b\u00edblicamente la afirmaci\u00f3n de que los dones de profec\u00eda, milagros y sanidades del Nuevo Testamento est\u00e1n disponibles hoy y deben ser \u00abdeseados fervientemente\u00bb. (1 Corintios 14:1). Y quiero que hagamos esto bajo la bandera de la soberan\u00eda de Dios y con un profundo compromiso con la centralidad de la infalible palabra de Dios <em>escrita<\/em>. <\/p>\n<p> Confieso que cuanto m\u00e1s me someto a las Escrituras (en lugar de la experiencia y la tradici\u00f3n), m\u00e1s abierto y deseoso me vuelvo a ver la gloria de Dios revelada de esta manera en nuestros d\u00edas. Espero poder compartir con vosotros algunos de mis anhelos y c\u00f3mo se han ido concretando en los \u00faltimos a\u00f1os. Quiero escuchar tu coraz\u00f3n y tus aprensiones b\u00edblicas. <\/p>\n<p> Wayne Grudem ser\u00e1 nuestro orador principal y entregar\u00e1 tres mensajes sobre <em>Dones espirituales y la soberan\u00eda de Dios<\/em>, con un enfoque especial en la profec\u00eda del Nuevo Testamento. La lealtad de Wayne a la infalibilidad de las Escrituras y sus compromisos reformados hacen que su liderazgo emergente en la \u00abTercera ola\u00bb algo as\u00ed como un rompecabezas para muchos. Su libro sobre el don de profec\u00eda ha sido inmensamente importante en el movimiento. <\/p>\n<p> La primera vez que escuch\u00e9 hablar a Don Williams fue cuando era estudiante en Fuller alrededor de 1970. Su intensidad y pasi\u00f3n por el ministerio no han disminuido. Pero ya no es pastor de una iglesia presbiteriana tradicional. Ahora es el pastor de Coast Vineyard en San Diego. Nos contar\u00e1 su historia y c\u00f3mo fue movido en el camino hacia una apertura cada vez mayor a &ldquo;Se\u00f1ales, Prodigios y el Reino de Dios&rdquo; el t\u00edtulo de su libro m\u00e1s reciente. <\/p>\n<p> La mayor\u00eda de nosotros nos familiarizamos con el nombre de John Kyle mientras era el l\u00edder de misiones de InterVarsity durante los d\u00edas de gran crecimiento en Urbana. Ahora es el jefe de la Misi\u00f3n PCA al Mundo. No se ve a s\u00ed mismo como parte de la \u00abTercera Ola\u00bb, pero est\u00e1 lleno de esperanza y visi\u00f3n para completar la Gran Comisi\u00f3n bajo el poder y la autoridad de nuestro Dios soberano. <\/p>\n<p> Por mi parte, espero hacer un estudio biogr\u00e1fico de Martyn Lloyd-Jones con un enfoque especial en su propia pasi\u00f3n por el poder y el avivamiento y \u00abel bautismo del Esp\u00edritu Santo\u00bb. Ha sido una gran inspiraci\u00f3n para m\u00ed. <\/p>\n<p> Que el Se\u00f1or le gu\u00ede para estar con nosotros. Espero encontrarlo contigo de una manera poderosa. <\/p>\n<p> Anhelando contigo \u00abtoda la plenitud de Dios\u00bb, <\/p>\n<p> John Piper <\/p>\n<\/p><\/div>\n","protected":false},"excerpt":{"rendered":"<p>Este es un llamado a orar por nuestra pr\u00f3xima conferencia. Para guiar su oraci\u00f3n imprimo aqu\u00ed la carta que envi\u00e9 a todos los pastores en nuestra lista de correo. Le muestra el esp\u00edritu y el contenido y los oradores de la conferencia. Nuestras inscripciones se adelantan a las de otros a\u00f1os, por lo que anticipo &hellip; <a href=\"https:\/\/www.biblia.work\/articulos\/la-cuarta-conferencia-anual-de-belen-para-pastores\/\" class=\"more-link\">Continuar leyendo<span class=\"screen-reader-text\"> \u00abLa Cuarta Conferencia Anual de Bel\u00e9n para Pastores\u00bb<\/span><\/a><\/p>\n","protected":false},"author":1,"featured_media":0,"comment_status":"","ping_status":"","sticky":false,"template":"","format":"standard","meta":{"footnotes":""},"categories":[1],"tags":[],"class_list":["post-11911","post","type-post","status-publish","format-standard","hentry","category-general"],"_links":{"self":[{"href":"https:\/\/www.biblia.work\/articulos\/wp-json\/wp\/v2\/posts\/11911","targetHints":{"allow":["GET"]}}],"collection":[{"href":"https:\/\/www.biblia.work\/articulos\/wp-json\/wp\/v2\/posts"}],"about":[{"href":"https:\/\/www.biblia.work\/articulos\/wp-json\/wp\/v2\/types\/post"}],"author":[{"embeddable":true,"href":"https:\/\/www.biblia.work\/articulos\/wp-json\/wp\/v2\/users\/1"}],"replies":[{"embeddable":true,"href":"https:\/\/www.biblia.work\/articulos\/wp-json\/wp\/v2\/comments?post=11911"}],"version-history":[{"count":0,"href":"https:\/\/www.biblia.work\/articulos\/wp-json\/wp\/v2\/posts\/11911\/revisions"}],"wp:attachment":[{"href":"https:\/\/www.biblia.work\/articulos\/wp-json\/wp\/v2\/media?parent=11911"}],"wp:term":[{"taxonomy":"category","embeddable":true,"href":"https:\/\/www.biblia.work\/articulos\/wp-json\/wp\/v2\/categories?post=11911"},{"taxonomy":"post_tag","embeddable":true,"href":"https:\/\/www.biblia.work\/articulos\/wp-json\/wp\/v2\/tags?post=11911"}],"curies":[{"name":"wp","href":"https:\/\/api.w.org\/{rel}","templated":true}]}}