{"id":11928,"date":"2022-07-26T12:33:26","date_gmt":"2022-07-26T17:33:26","guid":{"rendered":"https:\/\/www.biblia.work\/articulos\/ahorranos-esta-reprension-en-belen\/"},"modified":"2022-07-26T12:33:26","modified_gmt":"2022-07-26T17:33:26","slug":"ahorranos-esta-reprension-en-belen","status":"publish","type":"post","link":"https:\/\/www.biblia.work\/articulos\/ahorranos-esta-reprension-en-belen\/","title":{"rendered":"\u00a1Ah\u00f3rranos esta reprensi\u00f3n en Bel\u00e9n!"},"content":{"rendered":"<div class='resource__body'>\n<p> Este pueblo con los labios me honra,<br \/> pero su coraz\u00f3n est\u00e1 lejos de m\u00ed;<br \/> en vano me honran. <\/p>\n<p> Necesitamos comenzar con una confesi\u00f3n: honesta, sobria, sin prejuicios, directa, humilde, realista: todos estamos lisiados emocionalmente hasta cierto punto. Esto no es se\u00f1alar con el dedo. Me incluyo y me refiero a <em>todos<\/em>. No quiero decir que todos seamos tetrapl\u00e9jicos emocionales. Nuestra discapacidad emocional va desde la hiperactividad hasta la par\u00e1lisis. Incluye protuberancias peculiares y pies zambos y andares extra\u00f1os y mareos y espasmos curiosos y cojeras y desmayos y as\u00ed sucesivamente. <\/p>\n<p> Realic\u00e9 una encuesta en una de las sesiones plenarias del BITC la semana pasada y pregunt\u00e9: \u00ab\u00bfCu\u00e1ntos de ustedes crecieron en hogares donde una parte regular y significativa de la vida familiar consist\u00eda en cantar alegremente a el Se\u00f1or? Alrededor del diez por ciento levantaron la mano. Luego pregunt\u00e9: \u00ab\u00bfCu\u00e1ntos de ustedes crecieron en hogares donde los elogios espont\u00e1neos y el agradecimiento mutuo eran m\u00e1s comunes que la correcci\u00f3n y la cr\u00edtica?\u00bb. Menos levantaron la mano. <\/p>\n<p> De esto concluyo que probablemente al 90% de nosotros se nos <em>dificult\u00f3<\/em> tanto como ayud\u00f3 a sentir y expresar emociones de agradecimiento, amor y alabanza de una manera natural y aut\u00e9ntica en los hogares. crecimos. Agregue a esto que todos somos pecadores con una naturaleza ca\u00edda que no se deleita naturalmente en Dios, la bondad, la belleza y la verdad. Ninguno de nosotros por naturaleza es una persona de alabanza, agradecimiento y amor. Ponga estos dos juntos (nuestra naturaleza ca\u00edda y nuestras familias cr\u00edticas, que no alaban y no cantan), y tiene la mayor parte de la explicaci\u00f3n de las discapacidades emocionales que traemos a la adoraci\u00f3n. <\/p>\n<p> El domingo pasado asist\u00ed a un 3 y &frac12; servicio de adoraci\u00f3n de una hora en la Iglesia Bautista Bethesda donde fui el \u00faltimo de los nueve pastores que hablaron en la celebraci\u00f3n del 34 aniversario del pastor John Younge como pastor. Aplaudieron mucho. Mis manos se entumecieron. Se balanceaban mucho. Dijeron: \u00ab\u00a1Am\u00e9n!\u00bb &ldquo;\u00a1S\u00ed!&rdquo; &ldquo;\u00a1Muy bien!&rdquo; \u00ab\u00a1Bien, bien!\u00bb &ldquo;\u00a1Vamos!&rdquo; &ldquo;\u00a1Di eso aqu\u00ed!&rdquo; &ldquo;\u00a1Tr\u00e1elo a casa!&rdquo; Cantaron muy fuerte. Tocaron el \u00f3rgano como tel\u00f3n de fondo para un par de mensajes. Y gritaron. <\/p>\n<p> Pero, \u00bfsabes qu\u00e9? No creo que est\u00e9n menos lisiados emocionalmente que nosotros. Somos <em>todos<\/em> parcialmente discapacitados en nuestros corazones: blancos y negros, marrones y amarillos, italianos y suecos, hispanos y teutones, del sur y del norte, hombres y mujeres. <\/p>\n<p> Entonces, \u00bfcu\u00e1l es el punto? El punto es que no estemos satisfechos con nuestra forma de ser. Que haya una santa insatisfacci\u00f3n con cualquiera que sea nuestra propia discapacidad emocional personal. Que busquemos crecer hasta la plenitud de la estatura de Cristo tanto emocional como espiritual y moralmente. Que no nos conformemos con la cojera heredada de nuestros padres, como si Dios no pudiera sanar y fortalecer. <\/p>\n<p> Los cristianos no son fatalistas. No creemos que la herencia y el ambiente sean los \u00fanicos componentes que nos dan forma. Creemos en Dios. Creemos en el Esp\u00edritu Santo. Creemos en el cambio de gloria en gloria. La adoraci\u00f3n m\u00e1s poderosa ser\u00e1 entre personas cuyas mentes permanezcan en la luz de la verdad y cuyos corazones, cuyas emociones, est\u00e9n lo m\u00e1s cerca posible del fuego de Dios sin ser consumidos. Levant\u00e9monos y avancemos desde donde estamos hasta el pr\u00f3ximo lugar de libertad. <\/p>\n<p> Cojeando contigo en la terapia de la gracia, <\/p>\n<p> Pastor John <\/p>\n<\/p><\/div>\n","protected":false},"excerpt":{"rendered":"<p>Este pueblo con los labios me honra, pero su coraz\u00f3n est\u00e1 lejos de m\u00ed; en vano me honran. Necesitamos comenzar con una confesi\u00f3n: honesta, sobria, sin prejuicios, directa, humilde, realista: todos estamos lisiados emocionalmente hasta cierto punto. Esto no es se\u00f1alar con el dedo. Me incluyo y me refiero a todos. No quiero decir que &hellip; <a href=\"https:\/\/www.biblia.work\/articulos\/ahorranos-esta-reprension-en-belen\/\" class=\"more-link\">Continuar leyendo<span class=\"screen-reader-text\"> \u00ab\u00a1Ah\u00f3rranos esta reprensi\u00f3n en Bel\u00e9n!\u00bb<\/span><\/a><\/p>\n","protected":false},"author":1,"featured_media":0,"comment_status":"","ping_status":"","sticky":false,"template":"","format":"standard","meta":{"footnotes":""},"categories":[1],"tags":[],"class_list":["post-11928","post","type-post","status-publish","format-standard","hentry","category-general"],"_links":{"self":[{"href":"https:\/\/www.biblia.work\/articulos\/wp-json\/wp\/v2\/posts\/11928","targetHints":{"allow":["GET"]}}],"collection":[{"href":"https:\/\/www.biblia.work\/articulos\/wp-json\/wp\/v2\/posts"}],"about":[{"href":"https:\/\/www.biblia.work\/articulos\/wp-json\/wp\/v2\/types\/post"}],"author":[{"embeddable":true,"href":"https:\/\/www.biblia.work\/articulos\/wp-json\/wp\/v2\/users\/1"}],"replies":[{"embeddable":true,"href":"https:\/\/www.biblia.work\/articulos\/wp-json\/wp\/v2\/comments?post=11928"}],"version-history":[{"count":0,"href":"https:\/\/www.biblia.work\/articulos\/wp-json\/wp\/v2\/posts\/11928\/revisions"}],"wp:attachment":[{"href":"https:\/\/www.biblia.work\/articulos\/wp-json\/wp\/v2\/media?parent=11928"}],"wp:term":[{"taxonomy":"category","embeddable":true,"href":"https:\/\/www.biblia.work\/articulos\/wp-json\/wp\/v2\/categories?post=11928"},{"taxonomy":"post_tag","embeddable":true,"href":"https:\/\/www.biblia.work\/articulos\/wp-json\/wp\/v2\/tags?post=11928"}],"curies":[{"name":"wp","href":"https:\/\/api.w.org\/{rel}","templated":true}]}}