{"id":11950,"date":"2022-07-26T12:34:06","date_gmt":"2022-07-26T17:34:06","guid":{"rendered":"https:\/\/www.biblia.work\/articulos\/todas-las-promesas-de-dios-son-si-en-cristo\/"},"modified":"2022-07-26T12:34:06","modified_gmt":"2022-07-26T17:34:06","slug":"todas-las-promesas-de-dios-son-si-en-cristo","status":"publish","type":"post","link":"https:\/\/www.biblia.work\/articulos\/todas-las-promesas-de-dios-son-si-en-cristo\/","title":{"rendered":"Todas las Promesas de Dios Son S\u00ed en Cristo"},"content":{"rendered":"<div class='resource__body'>\n<p> \u00bfNo quieres consagrar la nueva d\u00e9cada a Dios con un tiempo de oraci\u00f3n extraordinario? Hago. \u00a1Oh, c\u00f3mo quiero entregarme de nuevo a Dios para esta \u00faltima d\u00e9cada del siglo XX! Quiero dedicar esta nueva d\u00e9cada a Dios de una manera profunda y especial. <\/p>\n<p> Este es un punto de inflexi\u00f3n poco frecuente en nuestras vidas: entramos en la \u00faltima d\u00e9cada del segundo milenio dC Por favor, no lo deje pasar sin actos especiales de devoci\u00f3n al Se\u00f1or. Aparta un tiempo especial para <em>ayuno<\/em> y <em>oraci\u00f3n<\/em>. \u00bfPor qu\u00e9 ayunar? Porque as\u00ed es como el Se\u00f1or comenz\u00f3 su ministerio: \u00a140 d\u00edas de ayuno! Y porque Jes\u00fas dijo: \u201cVienen d\u00edas en que el Esposo ser\u00e1 quitado; y entonces ayunar\u00e1n en ese d\u00eda\u201d. <\/p>\n<p> Pero principalmente lo que debemos hacer es apartar tiempo para enfocarnos en Dios y buscar su voluntad y su poder para el pr\u00f3ximo a\u00f1o y d\u00e9cada. Dios se da a conocer cuando lo honramos con tiempo y atenci\u00f3n. Y, oh, c\u00f3mo necesitamos discernir su voluntad y recibir su poder para la misi\u00f3n de nuestra iglesia y para nuestra guerra espiritual personal. Dios estar\u00e1 muy complacido si enviamos la dulce fragancia de la oraci\u00f3n colectiva en la primera semana de la d\u00e9cada. \u00a1Hagamos esto juntos! <\/p>\n<p> Aqu\u00ed hay algunas maneras de consagrar la primera semana de la d\u00e9cada al Se\u00f1or. <\/p>\n<p> <strong>Oraci\u00f3n diaria de la ma\u00f1ana<\/strong>: 7:00-7:30 a. m. (lunes 1 de enero &#8211; viernes 5 de enero) tercer piso. Comience su d\u00eda con un grupo de creyentes que buscan a Dios por poder y amor. &ldquo;Mi voz oir\u00e1s por la ma\u00f1ana&hellip;&rdquo; <\/p>\n<p> <strong>Concierto de oraci\u00f3n entre semana<\/strong>: 7:00-8:30 p. m. (mi\u00e9rcoles 3 de enero). El enfoque aqu\u00ed estar\u00e1 en las grandes necesidades de nuestra ciudad y de las ciudades del mundo. Se invita a otras iglesias. Esta es una continuaci\u00f3n de <em>PRAYER &#039;89<\/em> en el Domo, pero ser\u00e1 solo la mitad de larga. Aqu\u00ed nos estiramos para interceder por la obra de Dios m\u00e1s all\u00e1 de nuestro peque\u00f1o rinc\u00f3n en los grandes centros urbanos del mundo en la pr\u00f3xima d\u00e9cada. <\/p>\n<p> <strong>Noche de oraci\u00f3n<\/strong>: 10:00 p. m. a 6:00 a. m. (viernes a s\u00e1bado, 5 y 6 de enero). Estas reuniones de oraci\u00f3n de toda la noche han sido tiempos de gran poder para nosotros en Bethlehem. El a\u00f1o pasado hubo respuestas claras a la oraci\u00f3n: una persona, por ejemplo, por la que oramos, fue definitivamente liberada del uso del alcohol. Nuestro enfoque es simplemente buscar el rostro de Dios suplicando fervientemente por toda la plenitud, bendici\u00f3n y poder que \u00e9l est\u00e1 dispuesto a darnos. Puedes entrar y salir cuando lo necesites. Hay descansos en la hora para refrescarse seg\u00fan sea necesario. Cada hora tiene un enfoque diferente y un l\u00edder designado. Te sorprender\u00e1 lo r\u00e1pido que pasan ocho horas. Pero ven todo el tiempo que puedas. \u00bfNo es una forma maravillosamente radical de consagrar la d\u00e9cada al Se\u00f1or? <\/p>\n<p> <strong>Un retiro de oraci\u00f3n personal<\/strong>: Tenemos 150 copias de <em>Ablaze for God<\/em>, de Wesley Duewel. Los haremos disponibles por $7.00 cada uno. Este libro tiene el potencial de avivar tu coraz\u00f3n en una llama para la pr\u00f3xima d\u00e9cada. Ha encendido mi coraz\u00f3n una y otra vez. \u00daselo para un retiro de oraci\u00f3n personal. Arreglaremos la sala junto a la chimenea de una manera propicia para retiros tranquilos de soledad del 1 al 5 de enero (\u00bfo el 6?). O encuentra tu propio lugar. Pero qu\u00e9date a solas con Dios por un tiempo significativo esta semana. <\/p>\n<p> Hagas lo que hagas, no dejes pasar este tremendo momento de la historia sin un acto especial de consagraci\u00f3n. Planifique ahora para la primera semana de la d\u00e9cada. Y planif\u00edcalo con Dios. \u00a1Oh, por favor planif\u00edcalo con Dios! <\/p>\n<p> Buscando una nueva dedicaci\u00f3n para una nueva d\u00e9cada contigo, <\/p>\n<p> Pastor John <\/p>\n<\/p><\/div>\n","protected":false},"excerpt":{"rendered":"<p>\u00bfNo quieres consagrar la nueva d\u00e9cada a Dios con un tiempo de oraci\u00f3n extraordinario? Hago. \u00a1Oh, c\u00f3mo quiero entregarme de nuevo a Dios para esta \u00faltima d\u00e9cada del siglo XX! Quiero dedicar esta nueva d\u00e9cada a Dios de una manera profunda y especial. Este es un punto de inflexi\u00f3n poco frecuente en nuestras vidas: entramos &hellip; <a href=\"https:\/\/www.biblia.work\/articulos\/todas-las-promesas-de-dios-son-si-en-cristo\/\" class=\"more-link\">Continuar leyendo<span class=\"screen-reader-text\"> \u00abTodas las Promesas de Dios Son S\u00ed en Cristo\u00bb<\/span><\/a><\/p>\n","protected":false},"author":1,"featured_media":0,"comment_status":"","ping_status":"","sticky":false,"template":"","format":"standard","meta":{"footnotes":""},"categories":[1],"tags":[],"class_list":["post-11950","post","type-post","status-publish","format-standard","hentry","category-general"],"_links":{"self":[{"href":"https:\/\/www.biblia.work\/articulos\/wp-json\/wp\/v2\/posts\/11950","targetHints":{"allow":["GET"]}}],"collection":[{"href":"https:\/\/www.biblia.work\/articulos\/wp-json\/wp\/v2\/posts"}],"about":[{"href":"https:\/\/www.biblia.work\/articulos\/wp-json\/wp\/v2\/types\/post"}],"author":[{"embeddable":true,"href":"https:\/\/www.biblia.work\/articulos\/wp-json\/wp\/v2\/users\/1"}],"replies":[{"embeddable":true,"href":"https:\/\/www.biblia.work\/articulos\/wp-json\/wp\/v2\/comments?post=11950"}],"version-history":[{"count":0,"href":"https:\/\/www.biblia.work\/articulos\/wp-json\/wp\/v2\/posts\/11950\/revisions"}],"wp:attachment":[{"href":"https:\/\/www.biblia.work\/articulos\/wp-json\/wp\/v2\/media?parent=11950"}],"wp:term":[{"taxonomy":"category","embeddable":true,"href":"https:\/\/www.biblia.work\/articulos\/wp-json\/wp\/v2\/categories?post=11950"},{"taxonomy":"post_tag","embeddable":true,"href":"https:\/\/www.biblia.work\/articulos\/wp-json\/wp\/v2\/tags?post=11950"}],"curies":[{"name":"wp","href":"https:\/\/api.w.org\/{rel}","templated":true}]}}