{"id":11982,"date":"2022-07-26T12:35:04","date_gmt":"2022-07-26T17:35:04","guid":{"rendered":"https:\/\/www.biblia.work\/articulos\/la-conferencia-de-belen-para-pastores-y-usted\/"},"modified":"2022-07-26T12:35:04","modified_gmt":"2022-07-26T17:35:04","slug":"la-conferencia-de-belen-para-pastores-y-usted","status":"publish","type":"post","link":"https:\/\/www.biblia.work\/articulos\/la-conferencia-de-belen-para-pastores-y-usted\/","title":{"rendered":"La Conferencia de Bel\u00e9n para Pastores y usted"},"content":{"rendered":"<div class='resource__body'>\n<p> Por segundo a\u00f1o, estamos organizando la Conferencia de Bel\u00e9n para Pastores aqu\u00ed en la iglesia del 13 al 16 de abril. Espero que consideren esta conferencia como una extensi\u00f3n de su ministerio. Espero que lo vean como una forma de difundir la visi\u00f3n de Dios y las Misiones que nos inspira y nos atrapa en Bel\u00e9n. <\/p>\n<p> <strong>\u00bfQu\u00e9 es la conferencia?<\/strong> <\/p>\n<p> Aqu\u00ed est\u00e1 la respuesta del folleto de la conferencia: <\/p>\n<p> Arraigada en las Escrituras como la de Dios Palabra infalible, y dedicada al avivamiento y la reforma en el ministerio pastoral, la Conferencia de Bel\u00e9n para Pastores es una reuni\u00f3n de l\u00edderes de la iglesia para reflexionar seriamente, discutir honestamente y orar fervientemente sobre las ense\u00f1anzas b\u00edblicas cruciales en una perspectiva hist\u00f3rica y contempor\u00e1nea. <\/p>\n<p> <strong>\u00bfCu\u00e1les son los objetivos?<\/strong> <\/p>\n<p> (\u00a1As\u00ed es como orar! Simplemente convierta cada uno de estos en una petici\u00f3n de oraci\u00f3n para todos los que vengan). <\/p>\n<ul>\n<li>Teolog\u00eda &ndash; Suscitar una consideraci\u00f3n teol\u00f3gica seria de las verdades b\u00edblicas que a los puritanos les gustaba llamar las \u00abdoctrinas de la gracia\u00bb.<\/li>\n<li>\u00c1nimo &ndash; Reavivar el esp\u00edritu de los abatidos y fortalecernos mutuamente en la obra del evangelio.<\/li>\n<li>Predicaci\u00f3n &ndash; Promover una predicaci\u00f3n ferviente y poderosa que inspire en el pueblo de Dios un amor por la verdad y una vida de obediencia.<\/li>\n<li>Misiones &ndash; Para avanzar la causa de las misiones fronterizas a trav\u00e9s de los incentivos de la gracia soberana.<\/li>\n<li>Adoraci\u00f3n &ndash; Promover la adoraci\u00f3n sincera, centrada en Dios y basada en la Biblia en las iglesias.<\/li>\n<\/ul>\n<p> <strong>\u00bfCu\u00e1l es el tema de este a\u00f1o?<\/strong> <\/p>\n<p> El tema es &quot;El Logro de la Cruz&quot;. Nuestro orador principal sobre este tema ser\u00e1 Roger Nicole de Gordon Conwell Divinity School. Hablar\u00e1 tres veces: <\/p>\n<ol>\n<li>&ldquo;La variedad b\u00edblica del lenguaje&rdquo; <\/li>\n<li>&ldquo;La clave unificadora, Sustituci\u00f3n&rdquo; <\/li>\n<li>\u00abEl alcance: \u00bfeficacia o universalidad?\u00bb <\/li>\n<\/ol>\n<p> Mi oraci\u00f3n es que a los pastores se les aclare el pensamiento con respecto a lo que debemos decir acerca de la muerte de Cristo en el evangelismo y que nuestros corazones se inflamen de amor a Aquel que nos am\u00f3 y se entreg\u00f3 a s\u00ed mismo por nosotros. <\/p>\n<p> <strong>\u00bfQui\u00e9n m\u00e1s hablar\u00e1?<\/strong> <\/p>\n<p> Kent Hughes, pastor de College Church en Wheaton, Illinois, hablar\u00e1 sobre \u00ab\u00c9xito pastoral y la cruz de Cristo: una crisis contempor\u00e1nea\u201d. El objetivo aqu\u00ed es animar a los pastores a que &ldquo;La fidelidad es mejor que la vida&rdquo; y mejor que &ldquo;\u00e9xito&rdquo; como algunos cuentan el \u00e9xito. Puedes comprar Kent Hughes&rsquo; libro sobre este asunto en la librer\u00eda en el Fireside Room. <\/p>\n<p> John Devries, presidente de Bibles for India, hablar\u00e1 sobre &ldquo;La gloria de las misiones es la muerte: Reflexiones sobre G\u00e1latas 6:14&rdquo; Esto dar\u00e1 expresi\u00f3n expl\u00edcita a nuestro compromiso de que toda la teolog\u00eda sirve a la misi\u00f3n de la iglesia para alcanzar a los pueblos escondidos y perdidos entre nosotros. <\/p>\n<p> Dar\u00e9 un mensaje llamado: \u00abHermanos, no nos debe importar un poco de sufrimiento: Meditaci\u00f3n sobre la vida de Carlos Sime\u00f3n\u00bb. Espero fortalecer las manos de aquellos que puedan encontrar gran oposici\u00f3n o aflicci\u00f3n en su ministerio. <\/p>\n<p> <strong>\u00a1Oren!<\/strong> <\/p>\n<p> Los efectos a largo plazo de cualquier conferencia dependen de si la verdad y el poder de los mensajes y las conversaciones permanecen. \u00bfSer\u00e1 un subid\u00f3n moment\u00e1neo? \u00bfO ser\u00e1 una influencia de por vida y una fuente de fortaleza y gu\u00eda? Eso depende en gran medida del apoyo de oraci\u00f3n que tenga la Conferencia ahora y tambi\u00e9n en el tiempo despu\u00e9s de la Conferencia. \u00danase a m\u00ed para pedirle al Gran Pastor que haga una obra poderosa y duradera en los pastores de su reba\u00f1o para el bien de sus ovejas y para la gloria de su nombre. <\/p>\n<p> Al servicio de los Siervos, <\/p>\n<p> Pastor Juan <\/p>\n<\/p><\/div>\n","protected":false},"excerpt":{"rendered":"<p>Por segundo a\u00f1o, estamos organizando la Conferencia de Bel\u00e9n para Pastores aqu\u00ed en la iglesia del 13 al 16 de abril. Espero que consideren esta conferencia como una extensi\u00f3n de su ministerio. Espero que lo vean como una forma de difundir la visi\u00f3n de Dios y las Misiones que nos inspira y nos atrapa en &hellip; <a href=\"https:\/\/www.biblia.work\/articulos\/la-conferencia-de-belen-para-pastores-y-usted\/\" class=\"more-link\">Continuar leyendo<span class=\"screen-reader-text\"> \u00abLa Conferencia de Bel\u00e9n para Pastores y usted\u00bb<\/span><\/a><\/p>\n","protected":false},"author":1,"featured_media":0,"comment_status":"","ping_status":"","sticky":false,"template":"","format":"standard","meta":{"footnotes":""},"categories":[1],"tags":[],"class_list":["post-11982","post","type-post","status-publish","format-standard","hentry","category-general"],"_links":{"self":[{"href":"https:\/\/www.biblia.work\/articulos\/wp-json\/wp\/v2\/posts\/11982","targetHints":{"allow":["GET"]}}],"collection":[{"href":"https:\/\/www.biblia.work\/articulos\/wp-json\/wp\/v2\/posts"}],"about":[{"href":"https:\/\/www.biblia.work\/articulos\/wp-json\/wp\/v2\/types\/post"}],"author":[{"embeddable":true,"href":"https:\/\/www.biblia.work\/articulos\/wp-json\/wp\/v2\/users\/1"}],"replies":[{"embeddable":true,"href":"https:\/\/www.biblia.work\/articulos\/wp-json\/wp\/v2\/comments?post=11982"}],"version-history":[{"count":0,"href":"https:\/\/www.biblia.work\/articulos\/wp-json\/wp\/v2\/posts\/11982\/revisions"}],"wp:attachment":[{"href":"https:\/\/www.biblia.work\/articulos\/wp-json\/wp\/v2\/media?parent=11982"}],"wp:term":[{"taxonomy":"category","embeddable":true,"href":"https:\/\/www.biblia.work\/articulos\/wp-json\/wp\/v2\/categories?post=11982"},{"taxonomy":"post_tag","embeddable":true,"href":"https:\/\/www.biblia.work\/articulos\/wp-json\/wp\/v2\/tags?post=11982"}],"curies":[{"name":"wp","href":"https:\/\/api.w.org\/{rel}","templated":true}]}}