{"id":1280,"date":"2022-07-25T21:50:42","date_gmt":"2022-07-26T02:50:42","guid":{"rendered":"https:\/\/www.biblia.work\/articulos\/si-el-idioma-hebreo-es-de-origen-afroasiatico-y-nuestro-salvador-hablaba-arameo-es-entonces-racional-concluir-que-jesus-pudo-haber-sido-una-persona-de-color-mas-oscuro\/"},"modified":"2022-07-25T21:50:42","modified_gmt":"2022-07-26T02:50:42","slug":"si-el-idioma-hebreo-es-de-origen-afroasiatico-y-nuestro-salvador-hablaba-arameo-es-entonces-racional-concluir-que-jesus-pudo-haber-sido-una-persona-de-color-mas-oscuro","status":"publish","type":"post","link":"https:\/\/www.biblia.work\/articulos\/si-el-idioma-hebreo-es-de-origen-afroasiatico-y-nuestro-salvador-hablaba-arameo-es-entonces-racional-concluir-que-jesus-pudo-haber-sido-una-persona-de-color-mas-oscuro\/","title":{"rendered":"Si el idioma hebreo es de origen afroasi\u00e1tico, y nuestro Salvador hablaba arameo, \u00bfes entonces racional concluir que Jes\u00fas pudo haber sido una persona de color m\u00e1s oscuro?"},"content":{"rendered":"<div class=\"post-content\">\n<p> Aunque existen jud\u00edos et\u00edopes, Jes\u00fas # 039; La ascendencia sem\u00edtica se rastrea en detalle en la Biblia hasta Abraham. &nbsp;Su madre, Mar\u00eda, y su padrastro, Jos\u00e9, fueron obligados a regresar a Bel\u00e9n de Judea, su lugar de origen, para inscribirse en el censo romano, y all\u00ed naci\u00f3 Jes\u00fas. Los <strong>semitas en su conjunto son un poco m\u00e1s oscuros que los europeos, pero de ning\u00fan modo tan oscuros como los cusitas del sur de la India o el \u00c1frica negra, &nbsp;la &quot;gente de color&quot;<\/strong>. &nbsp;Jes\u00fas probablemente hablaba arameo pero tambi\u00e9n hablaba hebreo. &nbsp;Le\u00eda las Escrituras Hebreas en la Sinagoga y se atribu\u00eda a s\u00ed mismo las profec\u00edas cumplidas en Isa\u00edas. Jes\u00fas # 039; La ascendencia jud\u00eda de Judea es indiscutible.<\/p>\n<\/p><\/div>\n","protected":false},"excerpt":{"rendered":"<p>Aunque existen jud\u00edos et\u00edopes, Jes\u00fas # 039; La ascendencia sem\u00edtica se rastrea en detalle en la Biblia hasta Abraham. &nbsp;Su madre, Mar\u00eda, y su padrastro, Jos\u00e9, fueron obligados a regresar a Bel\u00e9n de Judea, su lugar de origen, para inscribirse en el censo romano, y all\u00ed naci\u00f3 Jes\u00fas. Los semitas en su conjunto son un &hellip; <a href=\"https:\/\/www.biblia.work\/articulos\/si-el-idioma-hebreo-es-de-origen-afroasiatico-y-nuestro-salvador-hablaba-arameo-es-entonces-racional-concluir-que-jesus-pudo-haber-sido-una-persona-de-color-mas-oscuro\/\" class=\"more-link\">Continuar leyendo<span class=\"screen-reader-text\"> \u00abSi el idioma hebreo es de origen afroasi\u00e1tico, y nuestro Salvador hablaba arameo, \u00bfes entonces racional concluir que Jes\u00fas pudo haber sido una persona de color m\u00e1s oscuro?\u00bb<\/span><\/a><\/p>\n","protected":false},"author":1,"featured_media":0,"comment_status":"","ping_status":"","sticky":false,"template":"","format":"standard","meta":{"footnotes":""},"categories":[1],"tags":[],"class_list":["post-1280","post","type-post","status-publish","format-standard","hentry","category-general"],"_links":{"self":[{"href":"https:\/\/www.biblia.work\/articulos\/wp-json\/wp\/v2\/posts\/1280","targetHints":{"allow":["GET"]}}],"collection":[{"href":"https:\/\/www.biblia.work\/articulos\/wp-json\/wp\/v2\/posts"}],"about":[{"href":"https:\/\/www.biblia.work\/articulos\/wp-json\/wp\/v2\/types\/post"}],"author":[{"embeddable":true,"href":"https:\/\/www.biblia.work\/articulos\/wp-json\/wp\/v2\/users\/1"}],"replies":[{"embeddable":true,"href":"https:\/\/www.biblia.work\/articulos\/wp-json\/wp\/v2\/comments?post=1280"}],"version-history":[{"count":0,"href":"https:\/\/www.biblia.work\/articulos\/wp-json\/wp\/v2\/posts\/1280\/revisions"}],"wp:attachment":[{"href":"https:\/\/www.biblia.work\/articulos\/wp-json\/wp\/v2\/media?parent=1280"}],"wp:term":[{"taxonomy":"category","embeddable":true,"href":"https:\/\/www.biblia.work\/articulos\/wp-json\/wp\/v2\/categories?post=1280"},{"taxonomy":"post_tag","embeddable":true,"href":"https:\/\/www.biblia.work\/articulos\/wp-json\/wp\/v2\/tags?post=1280"}],"curies":[{"name":"wp","href":"https:\/\/api.w.org\/{rel}","templated":true}]}}