{"id":1286,"date":"2022-07-25T21:50:54","date_gmt":"2022-07-26T02:50:54","guid":{"rendered":"https:\/\/www.biblia.work\/articulos\/que-debo-decir-en-mi-oracion-de-la-manana-antes-de-ir-a-trabajar\/"},"modified":"2022-07-25T21:50:54","modified_gmt":"2022-07-26T02:50:54","slug":"que-debo-decir-en-mi-oracion-de-la-manana-antes-de-ir-a-trabajar","status":"publish","type":"post","link":"https:\/\/www.biblia.work\/articulos\/que-debo-decir-en-mi-oracion-de-la-manana-antes-de-ir-a-trabajar\/","title":{"rendered":"\u00bfQu\u00e9 debo decir en mi oraci\u00f3n de la ma\u00f1ana antes de ir a trabajar?"},"content":{"rendered":"<div class=\"post-content\">\n<p>No hay mejor manera de comenzar nuestro d\u00eda que en comuni\u00f3n de coraz\u00f3n con nuestro Padre celestial .&nbsp; Qu\u00e9 complacido debe estar Dios si nuestros primeros pensamientos al despertar se vuelven hacia \u00c9l con el deseo de <strong>alabarle y agradecerle por un d\u00eda m\u00e1s de vida<\/strong>.&nbsp; Unos momentos de tranquilidad para reflexionar sobre Su bondad, misericordia y compasi\u00f3n inagotables pueden despertar nuestros corazones para <strong>buscar Su bendici\u00f3n en nuestro<\/strong> <strong>d\u00eda.<\/strong>&nbsp; Lamentaciones 3:22-23 nos asegura que &ldquo;la misericordia del Se\u00f1or nunca cesa, y su compasi\u00f3n nunca falla&nbsp;. Son nuevos cada ma\u00f1ana. Grande es su fidelidad.\u201d&nbsp; \u00a1Nuestras palabras de agradecimiento ascender\u00e1n al Cielo y ser\u00e1n una bendici\u00f3n <strong>para<\/strong> Dios!<\/p>\n<p>La clave para una vida de oraci\u00f3n exitosa se basa en la relaci\u00f3n de uno con Dios. Un creyente que ha dedicado su vida a Dios y tiene una posici\u00f3n a trav\u00e9s de la sangre de Cristo ha sido aceptado como hijo o hija de Dios. Cualquiera que cumpla con estas condiciones tiene la garant\u00eda de que sus oraciones ser\u00e1n escuchadas en el cielo. Incluso estos, sin embargo, deben entender que hay oraciones apropiadas e impropias. El ap\u00f3stol Santiago dijo: \u00abPed\u00eds y no recib\u00eds, porque ped\u00eds mal\u00bb. (Santiago 4:3) A continuaci\u00f3n se presentan algunas sugerencias simples de lo que podemos incluir adecuadamente en nuestras oraciones matutinas.<\/p>\n<p>Dios ha prometido que nuestro pan y agua estar\u00e1n seguros, en el sentido de que no se olvidar\u00e1 de nosotros. y nuestras necesidades f\u00edsicas.&nbsp; Podemos <strong>expresar gratitud por TODAS sus provisiones para el d\u00eda<\/strong>, que, para la mayor\u00eda de nosotros, superan con creces el pan y el agua.<\/p>\n<p>Qu\u00e9 apropiado es <strong>expresar confianza en Su promesa para guiarnos y protegernos durante todo el<\/strong> <strong>d\u00eda<\/strong>, recordando que &ldquo;A los que aman a Dios, TODAS las cosas les ayudan a bien, esto es, a los que conforme a su prop\u00f3sito son llamados&rdquo;&nbsp; (Romanos 8:28)&nbsp;<\/p>\n<p>\u00bfTe espera una experiencia o desaf\u00edo espec\u00edfico en el trabajo?&nbsp; Ser\u00eda apropiado <strong> orar por<\/strong> <strong>sabidur\u00eda y fortaleza para tratar el problema de una manera como la de Cristo.<\/strong>&nbsp; La mayor\u00eda de los lugares de trabajo ofrecen el potencial para un gran crecimiento del car\u00e1cter cristiano si las experiencias que tenemos all\u00ed nos ejercitan correctamente<strong>.&nbsp; <\/strong>&ldquo;Sean gratas las palabras de mi boca y la meditaci\u00f3n de mi coraz\u00f3n delante de ti, oh SE\u00d1OR, roca m\u00eda y Redentor m\u00edo&rdquo;&nbsp; (Salmo 19:14)<\/p>\n<p>Podemos <strong>orar por oportunidades para que nuestra luz brille<\/strong>, para que otros puedan ver nuestras buenas obras y glorificar a nuestro Padre Celestial.&nbsp; (Mateo 5:16)<\/p>\n<p>Podemos <strong>orar por m\u00e1s del esp\u00edritu santo de Dios<\/strong> para que podamos conocer Su voluntad para nosotros en cualquier situaci\u00f3n. situaci\u00f3n. Jes\u00fas dijo que Dios se complace en otorgar Su esp\u00edritu a aquellos que son Sus seguidores dedicados. (Lucas 11:13)<\/p>\n<p>Podemos <strong>orar por nuestra familia, amigos y aquellos en nuestra comunidad con necesidades espec\u00edficas, <\/strong>para que Dios bendiga y anule sus experiencias como mejor le parezca. .&nbsp; (Santiago 5:16; Mateo 5:44)<\/p>\n<p>Podemos <strong>orar por el Reino de Dios<\/strong> <strong>por venir<\/strong> y que Su voluntad se haga en la tierra , como se hace en el Cielo, cuando toda la humanidad ser\u00e1 bendecida con paz, salud y vida eterna.&nbsp;&nbsp; (Mateo 6:10)<\/p>\n<p>Por \u00faltimo, pero lo m\u00e1s importante, podemos <strong>agradecerle por el sacrificio de nuestro amado Redentor<\/strong>, quien hace posible todas las cosas. &nbsp;<\/p>\n<p>Sea lo que sea por lo que elijamos orar, nuestras oraciones ascender\u00e1n al Cielo como una <strong>fragancia dulce<\/strong> a Dios, si las susurra un coraz\u00f3n agradecido y humilde, que busca saber y hacer. Su voluntad. &ldquo;&hellip;y sosten\u00edan copas de oro<strong> llenas de incienso, que son las oraciones del pueblo de Dios<\/strong>.&rdquo; Apocalipsis 5:8, NVI<\/p>\n<\/p><\/div>\n","protected":false},"excerpt":{"rendered":"<p>No hay mejor manera de comenzar nuestro d\u00eda que en comuni\u00f3n de coraz\u00f3n con nuestro Padre celestial .&nbsp; Qu\u00e9 complacido debe estar Dios si nuestros primeros pensamientos al despertar se vuelven hacia \u00c9l con el deseo de alabarle y agradecerle por un d\u00eda m\u00e1s de vida.&nbsp; Unos momentos de tranquilidad para reflexionar sobre Su bondad, &hellip; <a href=\"https:\/\/www.biblia.work\/articulos\/que-debo-decir-en-mi-oracion-de-la-manana-antes-de-ir-a-trabajar\/\" class=\"more-link\">Continuar leyendo<span class=\"screen-reader-text\"> \u00ab\u00bfQu\u00e9 debo decir en mi oraci\u00f3n de la ma\u00f1ana antes de ir a trabajar?\u00bb<\/span><\/a><\/p>\n","protected":false},"author":1,"featured_media":0,"comment_status":"","ping_status":"","sticky":false,"template":"","format":"standard","meta":{"footnotes":""},"categories":[1],"tags":[],"class_list":["post-1286","post","type-post","status-publish","format-standard","hentry","category-general"],"_links":{"self":[{"href":"https:\/\/www.biblia.work\/articulos\/wp-json\/wp\/v2\/posts\/1286","targetHints":{"allow":["GET"]}}],"collection":[{"href":"https:\/\/www.biblia.work\/articulos\/wp-json\/wp\/v2\/posts"}],"about":[{"href":"https:\/\/www.biblia.work\/articulos\/wp-json\/wp\/v2\/types\/post"}],"author":[{"embeddable":true,"href":"https:\/\/www.biblia.work\/articulos\/wp-json\/wp\/v2\/users\/1"}],"replies":[{"embeddable":true,"href":"https:\/\/www.biblia.work\/articulos\/wp-json\/wp\/v2\/comments?post=1286"}],"version-history":[{"count":0,"href":"https:\/\/www.biblia.work\/articulos\/wp-json\/wp\/v2\/posts\/1286\/revisions"}],"wp:attachment":[{"href":"https:\/\/www.biblia.work\/articulos\/wp-json\/wp\/v2\/media?parent=1286"}],"wp:term":[{"taxonomy":"category","embeddable":true,"href":"https:\/\/www.biblia.work\/articulos\/wp-json\/wp\/v2\/categories?post=1286"},{"taxonomy":"post_tag","embeddable":true,"href":"https:\/\/www.biblia.work\/articulos\/wp-json\/wp\/v2\/tags?post=1286"}],"curies":[{"name":"wp","href":"https:\/\/api.w.org\/{rel}","templated":true}]}}