{"id":1287,"date":"2022-07-25T21:50:56","date_gmt":"2022-07-26T02:50:56","guid":{"rendered":"https:\/\/www.biblia.work\/articulos\/es-necesario-que-nuestras-oraciones-mencionen-especificamente-a-personas-y-situaciones-o-puedo-dejarlo-ahi-y-dejar-que-dios-haga-el-resto\/"},"modified":"2022-07-25T21:50:56","modified_gmt":"2022-07-26T02:50:56","slug":"es-necesario-que-nuestras-oraciones-mencionen-especificamente-a-personas-y-situaciones-o-puedo-dejarlo-ahi-y-dejar-que-dios-haga-el-resto","status":"publish","type":"post","link":"https:\/\/www.biblia.work\/articulos\/es-necesario-que-nuestras-oraciones-mencionen-especificamente-a-personas-y-situaciones-o-puedo-dejarlo-ahi-y-dejar-que-dios-haga-el-resto\/","title":{"rendered":"\u00bfEs necesario que nuestras oraciones mencionen espec\u00edficamente a personas y situaciones? \u00bfO puedo dejarlo ah\u00ed y dejar que Dios haga el resto?"},"content":{"rendered":"<div class=\"post-content\">\n<p>Cuando nos acercamos a Dios venimos con fe sincera y por fe creemos que nuestras oraciones tienen un efecto. &ldquo;La <strong>s\u00faplica (oraci\u00f3n) sincera del justo ejerce una poderosa influencia<\/strong>.&rdquo; (Santiago 5:16, Weymouth) <strong>Jes\u00fas or\u00f3 en general por la Iglesia.<\/strong> (V\u00e9ase el cap\u00edtulo 17 de Juan). Tambi\u00e9n or\u00f3 <strong>espec\u00edficamente por Pedro<\/strong> en las horas antes de que traicionara a Jes\u00fas. \u201cSatan\u00e1s os ha pedido para zarandearos como a trigo; Pero yo he rogado por ti, que tu fe no desfallezca; y cuando os convirt\u00e1is, fortaleced a vuestros hermanos\u201d. Lucas 22:31, 32<\/p>\n<p>En Hechos cap\u00edtulo 12 tenemos la historia del encarcelamiento de Pedro. La iglesia or\u00f3 espec\u00edficamente por \u00e9l.&nbsp; Hechos 12:5, \u00abPedro, pues, estaba en la c\u00e1rcel; pero la iglesia oraba sin cesar a Dios por \u00e9l\u00bb. Era la voluntad de Dios que Pedro fuera liberado y continuara ayudando a la iglesia. Pero en el vers\u00edculo 2 de este cap\u00edtulo se nos dice que Herodes mat\u00f3 al Ap\u00f3stol Santiago. Fue voluntad de Dios que uno viviera y el otro muriera.&nbsp; Somos meros mortales y tenemos una visi\u00f3n limitada de la voluntad de Dios. Necesitamos confiar y tomarle en Su palabra. &ldquo;Como son m\u00e1s altos los cielos que la tierra, as\u00ed son <strong>mis caminos m\u00e1s altos que vuestros caminos<\/strong> y mis pensamientos que vuestros pensamientos&hellip;as\u00ed ser\u00e1 mi palabra que sale de mi boca y no volver\u00e1 a vac\u00edo, sino que har\u00e1 lo que yo quiero, y prosperar\u00e1 en aquello adonde yo lo env\u00ede.\u201d&rdquo;&nbsp; Isa\u00edas 55:8,11<\/p>\n<p>No hay <strong>falta de poder y asistencia de Dios para ninguno de los miembros de su pueblo, ya sea que oremos por ellos o no<\/strong>. Si oramos para que se haga la voluntad del Se\u00f1or, y observamos las experiencias de los dem\u00e1s y de nosotros mismos, ayuda a crecer nuestra fe. La oraci\u00f3n nos ayuda a estar en armon\u00eda con la voluntad de Dios. Si oramos por una situaci\u00f3n espec\u00edfica, velaremos especialmente.<\/p>\n<p><strong>La oraci\u00f3n nos ayuda a crecer en nuestro amor mutuo<\/strong> cuando oramos por ellos. Esencialmente estamos diciendo: \u00abAyudar\u00e9 en lo que pueda, pero Dios puede ayudar de maneras que yo no puedo\u00bb. Nosotros, los cristianos, nos necesitamos unos a otros. Incluso el fuerte ap\u00f3stol Pablo pidi\u00f3 las oraciones de los dem\u00e1s. \u00abHermanos, oren por nosotros\u00bb. 1 Tesalonicenses 5:25<\/p>\n<p>Sin embargo, siempre que nos acerquemos a Dios en oraci\u00f3n, siempre debemos tener presente la actitud de nuestro Se\u00f1or Jes\u00fas,<strong> &ldquo;no sea como yo quiero, sino como t\u00fa&amp;rdquor;. ;<\/strong> (Mateo 26:39<\/p>\n<\/p><\/div>\n","protected":false},"excerpt":{"rendered":"<p>Cuando nos acercamos a Dios venimos con fe sincera y por fe creemos que nuestras oraciones tienen un efecto. &ldquo;La s\u00faplica (oraci\u00f3n) sincera del justo ejerce una poderosa influencia.&rdquo; (Santiago 5:16, Weymouth) Jes\u00fas or\u00f3 en general por la Iglesia. (V\u00e9ase el cap\u00edtulo 17 de Juan). Tambi\u00e9n or\u00f3 espec\u00edficamente por Pedro en las horas antes de &hellip; <a href=\"https:\/\/www.biblia.work\/articulos\/es-necesario-que-nuestras-oraciones-mencionen-especificamente-a-personas-y-situaciones-o-puedo-dejarlo-ahi-y-dejar-que-dios-haga-el-resto\/\" class=\"more-link\">Continuar leyendo<span class=\"screen-reader-text\"> \u00ab\u00bfEs necesario que nuestras oraciones mencionen espec\u00edficamente a personas y situaciones? \u00bfO puedo dejarlo ah\u00ed y dejar que Dios haga el resto?\u00bb<\/span><\/a><\/p>\n","protected":false},"author":1,"featured_media":0,"comment_status":"","ping_status":"","sticky":false,"template":"","format":"standard","meta":{"footnotes":""},"categories":[1],"tags":[],"class_list":["post-1287","post","type-post","status-publish","format-standard","hentry","category-general"],"_links":{"self":[{"href":"https:\/\/www.biblia.work\/articulos\/wp-json\/wp\/v2\/posts\/1287","targetHints":{"allow":["GET"]}}],"collection":[{"href":"https:\/\/www.biblia.work\/articulos\/wp-json\/wp\/v2\/posts"}],"about":[{"href":"https:\/\/www.biblia.work\/articulos\/wp-json\/wp\/v2\/types\/post"}],"author":[{"embeddable":true,"href":"https:\/\/www.biblia.work\/articulos\/wp-json\/wp\/v2\/users\/1"}],"replies":[{"embeddable":true,"href":"https:\/\/www.biblia.work\/articulos\/wp-json\/wp\/v2\/comments?post=1287"}],"version-history":[{"count":0,"href":"https:\/\/www.biblia.work\/articulos\/wp-json\/wp\/v2\/posts\/1287\/revisions"}],"wp:attachment":[{"href":"https:\/\/www.biblia.work\/articulos\/wp-json\/wp\/v2\/media?parent=1287"}],"wp:term":[{"taxonomy":"category","embeddable":true,"href":"https:\/\/www.biblia.work\/articulos\/wp-json\/wp\/v2\/categories?post=1287"},{"taxonomy":"post_tag","embeddable":true,"href":"https:\/\/www.biblia.work\/articulos\/wp-json\/wp\/v2\/tags?post=1287"}],"curies":[{"name":"wp","href":"https:\/\/api.w.org\/{rel}","templated":true}]}}