{"id":1377,"date":"2022-07-25T21:53:48","date_gmt":"2022-07-26T02:53:48","guid":{"rendered":"https:\/\/www.biblia.work\/articulos\/es-cierto-que-los-negros-estan-malditos\/"},"modified":"2022-07-25T21:53:48","modified_gmt":"2022-07-26T02:53:48","slug":"es-cierto-que-los-negros-estan-malditos","status":"publish","type":"post","link":"https:\/\/www.biblia.work\/articulos\/es-cierto-que-los-negros-estan-malditos\/","title":{"rendered":"\u00bfEs cierto que los negros est\u00e1n malditos?"},"content":{"rendered":"<div class=\"post-content\">\n<p>Preg\u00fantele a cualquiera hoy y con todos los tiroteos policiales recientes contra negros desarmados, principalmente hombres negros, podr\u00edan sentirse tentados a decir: &ldquo;S\u00ed&rdquo;.&nbsp; Pero, por supuesto, eso no es lo que pregunta el que pregunta.&nbsp;&nbsp;<\/p>\n<p>Veamos qu\u00e9 dice la Biblia. G\u00e9nesis 9:22-27 dice: \u201cY Cam, el padre de Cana\u00e1n, vio la desnudez de su padre, y se lo dijo a sus dos hermanos que estaban afuera. Pero Sem y Jafet tomaron un manto y lo pusieron sobre sus hombros y caminaron hacia atr\u00e1s y cubrieron la desnudez de su padre; y sus rostros estaban vueltos para no ver la desnudez de su padre. Cuando No\u00e9 despert\u00f3 de su embriaguez, supo lo que le hab\u00eda hecho su hijo menor.&nbsp; Entonces \u00e9l dijo: \u201cMaldito sea Cana\u00e1n; siervo de siervos ser\u00e1 para sus hermanos.&rsquo; Tambi\u00e9n dijo: \u201cBendito sea el Se\u00f1or, el Dios de Sem; y sea Cana\u00e1n su siervo.&nbsp; Engrandezca Dios a Jafet, y habite en las tiendas de Sem; y sea Cana\u00e1n su siervo.\u201d (NASV)&nbsp;<\/p>\n<p>Muchos <strong>interpretan err\u00f3neamente<\/strong> este pasaje en el sentido de que Cam fue maldecido y as\u00ed fue como llegaron a ser las personas de piel negra.&nbsp; En primer lugar, No\u00e9 no ech\u00f3 la maldici\u00f3n sobre Cam, sino sobre su nieto, Cana\u00e1n. <strong>Cana\u00e1n no era de piel negra, ni sus descendientes que se asentaron en la tierra conocida como Palestina.<\/strong> Tres de los hermanos de <strong>Cana\u00e1n<\/strong><strong>&rsquo;<\/strong>, Cus , Mizraim y Put, <strong>se establecieron en \u00c1frica<\/strong>. La Biblia no dice nada acerca de que los descendientes de Cus, Mizraim y Put est\u00e9n bajo la maldici\u00f3n de No\u00e9. Se supone incorrectamente que lo eran, y que por eso ten\u00edan la piel negra.&nbsp;<\/p>\n<p>Los cananeos fueron en un tiempo esclavizados por los israelitas (Deuteronomio 9:1-5), descendientes de Sem, y m\u00e1s tarde por Medo-Persia, Grecia, &amp;Amp; Roma, descendientes de Japet. Esta esclavitud de los cananeos cumpli\u00f3 la maldici\u00f3n prof\u00e9tica puesta sobre su antepasado Cana\u00e1n por su abuelo, No\u00e9. La maldici\u00f3n <strong>NO ten\u00eda NADA que ver con el color de su piel<\/strong>. Sin embargo, en siglos posteriores, esta narrativa fue interpretada por algunos jud\u00edos, cristianos y musulmanes como una explicaci\u00f3n del color de la piel negra, la esclavitud de las personas de piel negra y la ideolog\u00eda racista de que las personas de piel blanca son superiores a las de piel negra. .<\/p>\n<p>Porque la humanidad en ese momento no se estaba dispersando para cumplir el mandato de Dios de multiplicarse y llenar la tierra, sino que construy\u00f3 la <strong>Torre de Babel<\/strong> para mantenerse todos juntos en un lugar, Dios \u00abconfunde[d] su lengua, para que no se entiendan unos a otros\u00bb. (G\u00e9nesis 11:7-8)&nbsp; Esto debe haber sido una especie de milagro fisiol\u00f3gico, un cambio instant\u00e1neo en los centros del cerebro que controlan el habla, de modo que cada familia se encontr\u00f3 de repente identificando varios objetos y acciones con diferentes palabras. La <strong>confusi\u00f3n finalmente llev\u00f3 a las familias a separarse y tomar caminos separados<\/strong>. Dado que los cambios fisiol\u00f3gicos fueron necesarios para confundir las lenguas, no es una exageraci\u00f3n ver c\u00f3mo los <strong>pigmentos de la piel y otros rasgos raciales tambi\u00e9n podr\u00edan ser el resultado de un cambio fisiol\u00f3gico<\/strong> durante este tiempo.<\/p>\n<p>Una prueba del Nuevo Testamento de que ni la maldici\u00f3n de No\u00e9 ni el color de la piel de las personas tienen nada que ver entre s\u00ed, o la forma en que Dios obra, es el hecho de que <strong>Rahab<\/strong> aparece en Mateo&nbsp; 1 en la <strong>genealog\u00eda de Jes\u00fas<\/strong>.&nbsp; Era cananea, lo que la convert\u00eda en <strong>descendiente de Cam<\/strong>.&nbsp; Aparentemente se cas\u00f3 con un israelita que la coloc\u00f3 en el linaje de Jes\u00fas. Esta uni\u00f3n obviamente fue bendecida por Dios y muestra que la l\u00ednea particular de personas de la que proven\u00eda no era importante. S\u00f3lo importaba que ella confiara en el verdadero Dios de Israel.&nbsp;<\/p>\n<p>Hechos 17:26 (NVI): &ldquo;<strong>De un solo hombre hizo todas las naciones de los hombres<\/strong>, para que ellos deben habitar toda la tierra; y les fij\u00f3 los tiempos que les hab\u00eda fijado, y los lugares exactos donde deb\u00edan habitar.\u201d El color de la piel es simplemente una cuesti\u00f3n de cu\u00e1nta melanina [pigmento] produce su cuerpo y, con el tiempo, se desarrollaron patrones gen\u00e9ticos dominantes en varios grupos de personas sobre la tierra. Algunos desarrollaron un dominio gen\u00e9tico que les dice a sus cuerpos que produzcan una gran cantidad de melanina. Otros desarrollaron un patr\u00f3n gen\u00e9tico en el que sus cuerpos reciben se\u00f1ales para producir niveles bajos de melanina.&nbsp; Y hay infinitas variaciones dentro de un espectro completo.<\/p>\n<p>Para m\u00e1s informaci\u00f3n sobre la Biblia y el racismo, consulte www.ChristianQuestions.com, programas del 18 de enero de 2015 y del 22 de febrero de 2015.<\/p>\n<\/p><\/div>\n","protected":false},"excerpt":{"rendered":"<p>Preg\u00fantele a cualquiera hoy y con todos los tiroteos policiales recientes contra negros desarmados, principalmente hombres negros, podr\u00edan sentirse tentados a decir: &ldquo;S\u00ed&rdquo;.&nbsp; Pero, por supuesto, eso no es lo que pregunta el que pregunta.&nbsp;&nbsp; Veamos qu\u00e9 dice la Biblia. G\u00e9nesis 9:22-27 dice: \u201cY Cam, el padre de Cana\u00e1n, vio la desnudez de su padre, &hellip; <a href=\"https:\/\/www.biblia.work\/articulos\/es-cierto-que-los-negros-estan-malditos\/\" class=\"more-link\">Continuar leyendo<span class=\"screen-reader-text\"> \u00ab\u00bfEs cierto que los negros est\u00e1n malditos?\u00bb<\/span><\/a><\/p>\n","protected":false},"author":1,"featured_media":0,"comment_status":"","ping_status":"","sticky":false,"template":"","format":"standard","meta":{"footnotes":""},"categories":[1],"tags":[],"class_list":["post-1377","post","type-post","status-publish","format-standard","hentry","category-general"],"_links":{"self":[{"href":"https:\/\/www.biblia.work\/articulos\/wp-json\/wp\/v2\/posts\/1377","targetHints":{"allow":["GET"]}}],"collection":[{"href":"https:\/\/www.biblia.work\/articulos\/wp-json\/wp\/v2\/posts"}],"about":[{"href":"https:\/\/www.biblia.work\/articulos\/wp-json\/wp\/v2\/types\/post"}],"author":[{"embeddable":true,"href":"https:\/\/www.biblia.work\/articulos\/wp-json\/wp\/v2\/users\/1"}],"replies":[{"embeddable":true,"href":"https:\/\/www.biblia.work\/articulos\/wp-json\/wp\/v2\/comments?post=1377"}],"version-history":[{"count":0,"href":"https:\/\/www.biblia.work\/articulos\/wp-json\/wp\/v2\/posts\/1377\/revisions"}],"wp:attachment":[{"href":"https:\/\/www.biblia.work\/articulos\/wp-json\/wp\/v2\/media?parent=1377"}],"wp:term":[{"taxonomy":"category","embeddable":true,"href":"https:\/\/www.biblia.work\/articulos\/wp-json\/wp\/v2\/categories?post=1377"},{"taxonomy":"post_tag","embeddable":true,"href":"https:\/\/www.biblia.work\/articulos\/wp-json\/wp\/v2\/tags?post=1377"}],"curies":[{"name":"wp","href":"https:\/\/api.w.org\/{rel}","templated":true}]}}