{"id":15461,"date":"2022-07-26T23:20:36","date_gmt":"2022-07-27T04:20:36","guid":{"rendered":"https:\/\/www.biblia.work\/articulos\/por-que-es-importante-la-oracion-2\/"},"modified":"2022-07-26T23:20:36","modified_gmt":"2022-07-27T04:20:36","slug":"por-que-es-importante-la-oracion-2","status":"publish","type":"post","link":"https:\/\/www.biblia.work\/articulos\/por-que-es-importante-la-oracion-2\/","title":{"rendered":"Por qu\u00e9 es importante la oraci\u00f3n"},"content":{"rendered":"<p>En su libro <em>Tiempos serios<\/em>, James Emery White se\u00f1ala que \u201cla oraci\u00f3n no est\u00e1 destinada a ser un evento impulsado por la experiencia. Si lo fuera, s\u00e9 que me sentir\u00eda extremadamente frustrado y muy desanimado. Dudo que rezar\u00eda tan a menudo como lo hago. En cambio, la oraci\u00f3n es impulsada por la relaci\u00f3n. Oro porque estoy en una relaci\u00f3n con Dios en Cristo a trav\u00e9s del Esp\u00edritu Santo, y aparte de la oraci\u00f3n no tendr\u00eda mucha relaci\u00f3n.<\/p>\n<p>\u201cEntro en comunicaci\u00f3n, conversaci\u00f3n y comuni\u00f3n con Dios a trav\u00e9s de la oraci\u00f3n. Es cuando pongo los pedazos de mi vida en el altar de Dios y cuando \u00c9l me los devuelve de nuevo (Salmo 5:3).<\/p>\n<p>\u201cEntonces, como muchos otros, vengo a Dios todos los d\u00edas para oraci\u00f3n.<\/p>\n<p>\u201cA menudo vac\u00edo, a menudo teniendo que caminar pesadamente a trav\u00e9s de los ACTOS acr\u00f3sticos (Adoraci\u00f3n, Confesi\u00f3n, Acci\u00f3n de Gracias, S\u00faplica) ya que mi alma a menudo necesita ayuda para encontrar su camino, le digo a Dios que lo amo, y ofr\u00e9cele alabanza por lo que \u00c9l es; Confieso mis pecados \u2014espec\u00edficamente, gr\u00e1ficamente\u2014 mientras mi mente recorre el d\u00eda anterior; Doy gracias a Dios por todo lo que me ha sido dado, reconociendo que todo don bueno y perfecto viene de lo alto; y le pido ayuda: que intervenga, que provea, que venga a rescatarme.<\/p>\n<p>\u201cY es importante.<\/p>\n<p>\u201cHe encontrado esa oraci\u00f3n, por seca que sea, forzado, o mec\u00e1nico puede ser, abre mi vida a una conversaci\u00f3n y comunicaci\u00f3n m\u00e1s larga con Dios durante todo el d\u00eda. Es como si mi oraci\u00f3n de la ma\u00f1ana lo invitara al fluir de las cosas y lo colocara de manera prominente al frente de mis pensamientos y sentimientos. A partir de esto, puedo comprometerme con el mundo en el que vivo, y que vive en m\u00ed, con un amarre trascendente en lugar de uno temporal. Mi mundo interior se transforma, porque es arrancado de la vida vivida en el nivel apresurado y fren\u00e9tico de la actividad y arrojado a la eternidad del alma y el esp\u00edritu.<\/p>\n<p>\u201cAll\u00ed Dios habla, corrige, recuerda, renueva. Entonces me encuentro capaz de caminar por el mundo con ojos aguzados, mayor sensibilidad a los susurros del Esp\u00edritu, mayor perspicacia y sabidur\u00eda m\u00e1s profunda.<\/p>\n<p>\u201cA\u00fan m\u00e1s, cuando he venido a Dios en oraci\u00f3n y le he pedido para infundir mi vida con Su poder y provisi\u00f3n, aprovecho los recursos del mismo cielo.<\/p>\n<p>\u201cAparte de esto, no puedo hacer nada\u201d. (adaptado del libro de White <em>Serious Times: Making Your Life Matter in an Urgent Day<\/em>, publicado por InterVarsity Press)<\/p>\n<div style='clear:both'><\/div>\n<div class='the_champ_sharing_container the_champ_horizontal_sharing' data-super-socializer-href=\"https:\/\/www.preaching.com\/articles\/why-prayer-matters\/\">\n<div class='the_champ_sharing_title' style=\"font-weight:bold\">Compartir esto en:<\/div>\n<div class=\"the_champ_sharing_ul\"><\/div>\n<\/div>\n<div style='clear:both'><\/div>\n","protected":false},"excerpt":{"rendered":"<p>En su libro Tiempos serios, James Emery White se\u00f1ala que \u201cla oraci\u00f3n no est\u00e1 destinada a ser un evento impulsado por la experiencia. Si lo fuera, s\u00e9 que me sentir\u00eda extremadamente frustrado y muy desanimado. Dudo que rezar\u00eda tan a menudo como lo hago. En cambio, la oraci\u00f3n es impulsada por la relaci\u00f3n. Oro porque &hellip; <a href=\"https:\/\/www.biblia.work\/articulos\/por-que-es-importante-la-oracion-2\/\" class=\"more-link\">Continuar leyendo<span class=\"screen-reader-text\"> \u00abPor qu\u00e9 es importante la oraci\u00f3n\u00bb<\/span><\/a><\/p>\n","protected":false},"author":1,"featured_media":0,"comment_status":"","ping_status":"","sticky":false,"template":"","format":"standard","meta":{"footnotes":""},"categories":[1],"tags":[],"class_list":["post-15461","post","type-post","status-publish","format-standard","hentry","category-general"],"_links":{"self":[{"href":"https:\/\/www.biblia.work\/articulos\/wp-json\/wp\/v2\/posts\/15461","targetHints":{"allow":["GET"]}}],"collection":[{"href":"https:\/\/www.biblia.work\/articulos\/wp-json\/wp\/v2\/posts"}],"about":[{"href":"https:\/\/www.biblia.work\/articulos\/wp-json\/wp\/v2\/types\/post"}],"author":[{"embeddable":true,"href":"https:\/\/www.biblia.work\/articulos\/wp-json\/wp\/v2\/users\/1"}],"replies":[{"embeddable":true,"href":"https:\/\/www.biblia.work\/articulos\/wp-json\/wp\/v2\/comments?post=15461"}],"version-history":[{"count":0,"href":"https:\/\/www.biblia.work\/articulos\/wp-json\/wp\/v2\/posts\/15461\/revisions"}],"wp:attachment":[{"href":"https:\/\/www.biblia.work\/articulos\/wp-json\/wp\/v2\/media?parent=15461"}],"wp:term":[{"taxonomy":"category","embeddable":true,"href":"https:\/\/www.biblia.work\/articulos\/wp-json\/wp\/v2\/categories?post=15461"},{"taxonomy":"post_tag","embeddable":true,"href":"https:\/\/www.biblia.work\/articulos\/wp-json\/wp\/v2\/tags?post=15461"}],"curies":[{"name":"wp","href":"https:\/\/api.w.org\/{rel}","templated":true}]}}