{"id":15521,"date":"2022-07-26T23:22:33","date_gmt":"2022-07-27T04:22:33","guid":{"rendered":"https:\/\/www.biblia.work\/articulos\/el-poder-de-las-palabras\/"},"modified":"2022-07-26T23:22:33","modified_gmt":"2022-07-27T04:22:33","slug":"el-poder-de-las-palabras","status":"publish","type":"post","link":"https:\/\/www.biblia.work\/articulos\/el-poder-de-las-palabras\/","title":{"rendered":"El poder de las palabras"},"content":{"rendered":"<p>En una columna reciente en <em>The Washington Post<\/em>, Michael Gerson hace referencia al \u201cvocabulario moral de una \u00e9poca anterior\u201d. Se refiere a frases como \u201cuna conciencia de pecado\u201d y \u201cuna determinaci\u00f3n real de alcanzar la santidad\u201d. Luego observa: \u00abCuando se dicen en p\u00fablico, t\u00e9rminos como &#8216;pecado&#8217; y &#8216;santidad&#8217; tienen el poder de escandalizar, como alguna vez lo hicieron las maldiciones m\u00e1s selectas\u00bb.<\/p>\n<p>Leer eso es un recordatorio para m\u00ed de cu\u00e1nto poder es inherente a las palabras de nuestra fe, palabras que con demasiada frecuencia desechamos en nuestro hambre de relevancia y actualidad. Palabras duras como <em>pecado<\/em>, <em>juicio<\/em>, <em>sumisi\u00f3n<\/em>. Palabras curativas como <em>redenci\u00f3n<\/em>, <em>gracia<\/em>, <em>salvaci\u00f3n<\/em>.<\/p>\n<p>No estoy sugiriendo que ensuciemos nuestro discurso con complejos conceptos teol\u00f3gicos. jerga, desechada sin explicaci\u00f3n. Sin embargo, recuerdo que las palabras de las Escrituras tienen un poder que va m\u00e1s all\u00e1 de mis d\u00e9biles habilidades de comunicaci\u00f3n y, lo siento, tambi\u00e9n de las suyas.<\/p>\n<p>Mientras predicamos, confiemos en el poder de esas ricas palabras b\u00edblicas. palabras, las ideas que representan y el Dios que las inspir\u00f3.<\/p>\n<p>\u00a1Bendiciones!<br \/> Michael Duduit<br \/> mduduit@salempublishing.com<br \/> www.michaelduduit.com<\/p>\n<div style='clear:both'><\/div>\n<div class='the_champ_sharing_container the_champ_horizontal_sharing' data-super-socializer-href=\"https:\/\/www.preaching.com\/articles\/the-power-of- palabras\/\">\n<div class='the_champ_sharing_title' style=\"font-weight:bold\">Compartir esto en:<\/div>\n<div class=\"the_champ_sharing_ul\"><\/div>\n<\/div>\n<div><\/div>\n","protected":false},"excerpt":{"rendered":"<p>En una columna reciente en The Washington Post, Michael Gerson hace referencia al \u201cvocabulario moral de una \u00e9poca anterior\u201d. Se refiere a frases como \u201cuna conciencia de pecado\u201d y \u201cuna determinaci\u00f3n real de alcanzar la santidad\u201d. Luego observa: \u00abCuando se dicen en p\u00fablico, t\u00e9rminos como &#8216;pecado&#8217; y &#8216;santidad&#8217; tienen el poder de escandalizar, como alguna &hellip; <a href=\"https:\/\/www.biblia.work\/articulos\/el-poder-de-las-palabras\/\" class=\"more-link\">Continuar leyendo<span class=\"screen-reader-text\"> \u00abEl poder de las palabras\u00bb<\/span><\/a><\/p>\n","protected":false},"author":1,"featured_media":0,"comment_status":"","ping_status":"","sticky":false,"template":"","format":"standard","meta":{"footnotes":""},"categories":[1],"tags":[],"class_list":["post-15521","post","type-post","status-publish","format-standard","hentry","category-general"],"_links":{"self":[{"href":"https:\/\/www.biblia.work\/articulos\/wp-json\/wp\/v2\/posts\/15521","targetHints":{"allow":["GET"]}}],"collection":[{"href":"https:\/\/www.biblia.work\/articulos\/wp-json\/wp\/v2\/posts"}],"about":[{"href":"https:\/\/www.biblia.work\/articulos\/wp-json\/wp\/v2\/types\/post"}],"author":[{"embeddable":true,"href":"https:\/\/www.biblia.work\/articulos\/wp-json\/wp\/v2\/users\/1"}],"replies":[{"embeddable":true,"href":"https:\/\/www.biblia.work\/articulos\/wp-json\/wp\/v2\/comments?post=15521"}],"version-history":[{"count":0,"href":"https:\/\/www.biblia.work\/articulos\/wp-json\/wp\/v2\/posts\/15521\/revisions"}],"wp:attachment":[{"href":"https:\/\/www.biblia.work\/articulos\/wp-json\/wp\/v2\/media?parent=15521"}],"wp:term":[{"taxonomy":"category","embeddable":true,"href":"https:\/\/www.biblia.work\/articulos\/wp-json\/wp\/v2\/categories?post=15521"},{"taxonomy":"post_tag","embeddable":true,"href":"https:\/\/www.biblia.work\/articulos\/wp-json\/wp\/v2\/tags?post=15521"}],"curies":[{"name":"wp","href":"https:\/\/api.w.org\/{rel}","templated":true}]}}