{"id":16025,"date":"2022-07-26T23:38:41","date_gmt":"2022-07-27T04:38:41","guid":{"rendered":"https:\/\/www.biblia.work\/articulos\/predicar-el-evangelio-requiere-palabras\/"},"modified":"2022-07-26T23:38:41","modified_gmt":"2022-07-27T04:38:41","slug":"predicar-el-evangelio-requiere-palabras","status":"publish","type":"post","link":"https:\/\/www.biblia.work\/articulos\/predicar-el-evangelio-requiere-palabras\/","title":{"rendered":"Predicar el Evangelio requiere palabras"},"content":{"rendered":"<p>En un art\u00edculo reciente para <em><em>Outreach<\/em><\/em>, Ed Stetzer escribe: &#8220;Hay&#8217;un dicho popular repetido a menudo por cristianos. Ha encontrado nueva vida en Facebook y Twitter. Tal vez incluso hayas pronunciado estas palabras, com\u00fanmente atribuidas a Francisco de As\u00eds: &#8216;Predica el evangelio. Use palabras si es necesario.&#8217;<\/p>\n<p>&#8220;Creo que podemos apreciar a lo que muchos se refieren cuando dicen algo como esto. Como cristianos, debemos vivir de tal manera que nuestras vidas apunten a la persona y obra de Jes\u00fas. Sin embargo, las buenas intenciones no pueden superar dos problemas b\u00e1sicos con esta cita y su supuesto origen. Uno, Francisco nunca lo dijo, y dos, la cita no es b\u00edblica.<\/p>\n<p>&#8220;Mark Galli ha se\u00f1alado que no hay registro de Francisco, miembro de una orden de predicaci\u00f3n, pronunciando algo parecido a esto. De hecho, todo lo que sabemos sobre el hombre sugiere que no habr\u00eda estado de acuerdo con su supuesta cita. Era bien conocido por sus predicaciones y, a menudo, predicaba hasta cinco veces al d\u00eda.<\/p>\n<p>&#8220;Es posible que la idea no haya resonado en Francis; pero para muchos hoy en d\u00eda, el ministerio sin palabras es un enfoque convincente. &#8216;Las palabras son baratas,&#8217; nos gusta decir, y &#8216;Las acciones hablan m\u00e1s que las palabras.&#8217; Galli explica que el sentimiento complementa bastante bien nuestra cultura:<\/p>\n<p>&#8220;&#8216;Predicar el evangelio; usa palabras si es necesario&#8217; va de la mano con una suposici\u00f3n posmoderna de que las palabras finalmente est\u00e1n vac\u00edas de significado. Denigra sutilmente el alto valor que los profetas, Jes\u00fas y Pablo le daban a la predicaci\u00f3n. Por supuesto, queremos que nuestras acciones coincidan con nuestras palabras tanto como sea posible. Pero el evangelio es un mensaje, una noticia sobre un evento y una persona sobre la cual gira la historia del planeta.<\/p>\n<p>&#8220;Y este es el verdadero problema&#8212;no de qui\u00e9n proviene originalmente la cita , sino c\u00f3mo nos puede dar una comprensi\u00f3n incompleta del evangelio y c\u00f3mo Dios salva a los pecadores. Los cristianos se animan unos a otros a &#8216;vivir el evangelio&#8217; para &#8216;ser el evangelio&#8217; a nuestros pr\u00f3jimos, y a&nbsp;&#8216;evangelizarnos unos a otros.&#8217; El impulso misional aqu\u00ed es \u00fatil, pero el evangelio no es algo que el cristiano pueda vivir, practicar o llegar a ser.<\/p>\n<p>&#8220;El ap\u00f3stol Pablo resumi\u00f3 el evangelio como la vida, la muerte y la resurrecci\u00f3n de Jesucristo, por quien se expian los pecados, los pecadores se reconcilian con Dios y la esperanza de la resurrecci\u00f3n aguarda a todos los que creen.<\/p>\n<p>&#8220;El evangelio no es h\u00e1bito, sino historia. El evangelio es la declaraci\u00f3n de algo que realmente sucedi\u00f3. Debido a que el evangelio es la obra salvadora de Jes\u00fas, no es algo que podamos hacer; pero es algo que debemos anunciar. Vivimos sus implicaciones, pero si vamos a dar a conocer el evangelio, lo haremos a trav\u00e9s de palabras.&#8221;<\/p>\n<div style='clear:both'><\/div>\n<div class='the_champ_sharing_container the_champ_horizontal_sharing' data-super-socializer-href=\"https:\/\/www.preaching.com\/articles\/preaching-the-evangelio-takes-words\/\">\n<div class='the_champ_sharing_title' style=\"font-weight :bold\">Compartir esto en:<\/div>\n<div class=\"the_champ_sharing_ul\"><\/div>\n<\/div>\n<div style='clear:both'><\/div>\n","protected":false},"excerpt":{"rendered":"<p>En un art\u00edculo reciente para Outreach, Ed Stetzer escribe: &#8220;Hay&#8217;un dicho popular repetido a menudo por cristianos. Ha encontrado nueva vida en Facebook y Twitter. Tal vez incluso hayas pronunciado estas palabras, com\u00fanmente atribuidas a Francisco de As\u00eds: &#8216;Predica el evangelio. Use palabras si es necesario.&#8217; &#8220;Creo que podemos apreciar a lo que muchos se &hellip; <a href=\"https:\/\/www.biblia.work\/articulos\/predicar-el-evangelio-requiere-palabras\/\" class=\"more-link\">Continuar leyendo<span class=\"screen-reader-text\"> \u00abPredicar el Evangelio requiere palabras\u00bb<\/span><\/a><\/p>\n","protected":false},"author":1,"featured_media":0,"comment_status":"","ping_status":"","sticky":false,"template":"","format":"standard","meta":{"footnotes":""},"categories":[1],"tags":[],"class_list":["post-16025","post","type-post","status-publish","format-standard","hentry","category-general"],"_links":{"self":[{"href":"https:\/\/www.biblia.work\/articulos\/wp-json\/wp\/v2\/posts\/16025","targetHints":{"allow":["GET"]}}],"collection":[{"href":"https:\/\/www.biblia.work\/articulos\/wp-json\/wp\/v2\/posts"}],"about":[{"href":"https:\/\/www.biblia.work\/articulos\/wp-json\/wp\/v2\/types\/post"}],"author":[{"embeddable":true,"href":"https:\/\/www.biblia.work\/articulos\/wp-json\/wp\/v2\/users\/1"}],"replies":[{"embeddable":true,"href":"https:\/\/www.biblia.work\/articulos\/wp-json\/wp\/v2\/comments?post=16025"}],"version-history":[{"count":0,"href":"https:\/\/www.biblia.work\/articulos\/wp-json\/wp\/v2\/posts\/16025\/revisions"}],"wp:attachment":[{"href":"https:\/\/www.biblia.work\/articulos\/wp-json\/wp\/v2\/media?parent=16025"}],"wp:term":[{"taxonomy":"category","embeddable":true,"href":"https:\/\/www.biblia.work\/articulos\/wp-json\/wp\/v2\/categories?post=16025"},{"taxonomy":"post_tag","embeddable":true,"href":"https:\/\/www.biblia.work\/articulos\/wp-json\/wp\/v2\/tags?post=16025"}],"curies":[{"name":"wp","href":"https:\/\/api.w.org\/{rel}","templated":true}]}}