{"id":16565,"date":"2022-07-26T23:55:34","date_gmt":"2022-07-27T04:55:34","guid":{"rendered":"https:\/\/www.biblia.work\/articulos\/en-predicacion\/"},"modified":"2022-07-26T23:55:34","modified_gmt":"2022-07-27T04:55:34","slug":"en-predicacion","status":"publish","type":"post","link":"https:\/\/www.biblia.work\/articulos\/en-predicacion\/","title":{"rendered":"En Predicaci\u00f3n"},"content":{"rendered":"<p>Este n\u00famero de <em>Predicaci\u00f3n<\/em> se publicar\u00e1 justo antes de la 19\u00aa edici\u00f3n anual de la Conferencia Nacional sobre Predicaci\u00f3n, que se llevar\u00e1 a cabo del 7 al 9 de abril en los suburbios de Washington, DC. (De hecho, los participantes de la conferencia recibir\u00e1n una copia de esta edici\u00f3n cuando se registren). El tema de la conferencia de este a\u00f1o es &#8220;La predicaci\u00f3n y la plaza p\u00fablica: \u00bfd\u00f3nde se encuentran el p\u00falpito y la cultura?&amp;#8221 ;<\/p>\n<p>En la conferencia, los oradores y panelistas explorar\u00e1n las intersecciones de la predicaci\u00f3n y la cultura. \u00bfDebe la predicaci\u00f3n hablar de cuestiones pol\u00edticas? &#8211; y si es as\u00ed, \u00bfc\u00f3mo? \u00bfHay un lugar para la predicaci\u00f3n para involucrar a la cultura secular &#8211; y si es as\u00ed, \u00bfc\u00f3mo? \u00bfQu\u00e9 pasa con el entretenimiento y las artes &#8211; \u00bfTiene la predicaci\u00f3n una palabra para estas \u00e1reas influyentes de nuestra cultura? Como pueden ver, ser\u00e1 un tiempo animado y provocativo juntos. (Y si est\u00e1 leyendo esto antes del 7 de abril, \u00a1todav\u00eda tiene tiempo para unirse a nosotros!)<\/p>\n<p>En esta edici\u00f3n, retomamos el tema relacionado de la predicaci\u00f3n y la cultura. Michael Milton &#8211; un pastor de mucho tiempo que acaba de convertirse en presidente de un seminario &#8211; utiliza su experiencia como capell\u00e1n militar para abordar el tema de la predicaci\u00f3n b\u00edblica en una cultura pluralista. Y Daniel Wong nos ayuda a pensar sobre el desaf\u00edo de predicar en un mundo cada vez m\u00e1s multicultural. Dado que ese mundo se vuelve cada vez m\u00e1s peque\u00f1o, incluso tenemos un art\u00edculo sobre c\u00f3mo predicar de manera m\u00e1s efectiva usando un int\u00e9rprete cuando se encuentra en otro idioma.<\/p>\n<p>Este es uno de mis n\u00fameros favoritos del a\u00f1o porque incluye nuestra encuesta anual de los mejores libros para predicadores del a\u00f1o. Desde el principio, este art\u00edculo ha sido escrito por R. Albert Mohler, ahora presidente de Southern Baptist Seminary (quien hace mucho tiempo se desempe\u00f1\u00f3 como editor asociado de <em>Predicaci\u00f3n<\/em>). Todav\u00eda es la persona m\u00e1s le\u00edda que conozco &#8211; sobrevivir con cuatro horas de sue\u00f1o cada noche tiene que proporcionar alg\u00fan beneficio &#8211; y siempre nos gu\u00eda hacia las mejores perspectivas para una lectura productiva. (\u00a1No se pierda su lista de los diez mejores, siempre un favorito de los lectores!) <\/p>\n<p>Mi contribuci\u00f3n es un poco menos completa en escala: una encuesta de los mejores libros sobre predicaci\u00f3n del a\u00f1o pasado. Aunque escribo rese\u00f1as y notas de libros durante todo el a\u00f1o para nuestra columna Preacher&#8217;s Bookshelf, es bueno mirar hacia atr\u00e1s en los \u00faltimos meses y recordar lo mejor en nuestro campo &#8211; incluido nuestro libro anual <em>Predicaci\u00f3n<\/em> del a\u00f1o.<\/p>\n<p>A t\u00edtulo personal: me gustar\u00eda compartir algunos buenas noticias &#8230; y algunas buenas noticias. A partir del 1 de junio, acept\u00e9 un nombramiento como decano fundador de una nueva Escuela de Graduados en Ministerio en la Universidad de Anderson, una universidad cristiana en Anderson, Carolina del Sur. Adem\u00e1s de mis responsabilidades como profesor de Ministerio Cristiano, tendr\u00e9 el placer de trabajar con muchos amigos y colegas en el dise\u00f1o y la construcci\u00f3n de un programa de posgrado para ayudar a preparar a las futuras generaciones de l\u00edderes pastorales efectivos. Esta es una oportunidad \u00fanica, y por la cual estoy profundamente agradecido. (\u00a1Invitaremos a nuestra primera clase a comenzar en el oto\u00f1o de 2009, en caso de que est\u00e9 pensando en el futuro!)<\/p>\n<p>La otra buena noticia es que continuar\u00e9 teniendo el privilegio de servir como editor ejecutivo de <em>Predicaci\u00f3n<\/em>, que comenc\u00e9 en 1985 y que ahora es parte de la familia de Salem Communications. Seguir\u00e9 guiando la direcci\u00f3n editorial de la publicaci\u00f3n, seguir\u00e9 produciendo nuestro bolet\u00edn semanal por correo electr\u00f3nico <em>Predicando ahora<\/em> y seguir\u00e9 dirigiendo la Conferencia Nacional. sobre la Predicaci\u00f3n. (Por cierto, el evento del pr\u00f3ximo a\u00f1o es del 20 al 22 de abril de 2009 en Tampa, Florida. \u00a1Marque su calendario!)<\/p>\n<p>Gracias por ser parte de <em>Predicaci\u00f3n<\/em> familia. Como siempre, nuestro objetivo es ser su socio para mejorar la predicaci\u00f3n de la Palabra de Dios, para la gloria de Dios.<\/p>\n<p>&nbsp;&nbsp;&nbsp;&nbsp;&nbsp;&nbsp;&amp;nbsp ;&nbsp;&nbsp;&nbsp;&nbsp;&nbsp;&nbsp; ;&nbsp;&nbsp;&nbsp;&nbsp;&nbsp;&nbsp;&nbsp;&nbsp;&nbsp;&nbsp;&nbsp;&nbsp;&nbsp;&nbsp;&nbsp; Michael Duduit<br \/> nbsp;&nbsp;&nbsp;&nbsp;&nbsp;&nbsp;&nbsp;&nbsp;&nbsp;&nbsp;&nbsp;&nbsp; &nbsp;Editor<\/p>\n<p>Si desea obtener m\u00e1s informaci\u00f3n sobre la Conferencia Nacional de Predicaci\u00f3n de este a\u00f1o o inscribirse para recibir <em>Predicando ahora,<\/em> puede hacerlo todo en nuestro sitio web, https:\/\/www.preaching.com\/<\/p>\n<div style='clear:both'><\/div>\n<div class='the_champ_sharing_container the_champ_horizontal_sharing' data-super-socializer-href=\"https:\/\/www.preaching.com\/articles\/in-preaching\/\">\n<div class='the_champ_sharing_title' style=\"font-weight:bold\">Compartir esto En:<\/div>\n<div class=\"the_champ_sharing_ul\"><\/div>\n<\/div>\n<div style='clear:both'><\/div>\n","protected":false},"excerpt":{"rendered":"<p>Este n\u00famero de Predicaci\u00f3n se publicar\u00e1 justo antes de la 19\u00aa edici\u00f3n anual de la Conferencia Nacional sobre Predicaci\u00f3n, que se llevar\u00e1 a cabo del 7 al 9 de abril en los suburbios de Washington, DC. (De hecho, los participantes de la conferencia recibir\u00e1n una copia de esta edici\u00f3n cuando se registren). El tema de &hellip; <a href=\"https:\/\/www.biblia.work\/articulos\/en-predicacion\/\" class=\"more-link\">Continuar leyendo<span class=\"screen-reader-text\"> \u00abEn Predicaci\u00f3n\u00bb<\/span><\/a><\/p>\n","protected":false},"author":1,"featured_media":0,"comment_status":"","ping_status":"","sticky":false,"template":"","format":"standard","meta":{"footnotes":""},"categories":[1],"tags":[],"class_list":["post-16565","post","type-post","status-publish","format-standard","hentry","category-general"],"_links":{"self":[{"href":"https:\/\/www.biblia.work\/articulos\/wp-json\/wp\/v2\/posts\/16565","targetHints":{"allow":["GET"]}}],"collection":[{"href":"https:\/\/www.biblia.work\/articulos\/wp-json\/wp\/v2\/posts"}],"about":[{"href":"https:\/\/www.biblia.work\/articulos\/wp-json\/wp\/v2\/types\/post"}],"author":[{"embeddable":true,"href":"https:\/\/www.biblia.work\/articulos\/wp-json\/wp\/v2\/users\/1"}],"replies":[{"embeddable":true,"href":"https:\/\/www.biblia.work\/articulos\/wp-json\/wp\/v2\/comments?post=16565"}],"version-history":[{"count":0,"href":"https:\/\/www.biblia.work\/articulos\/wp-json\/wp\/v2\/posts\/16565\/revisions"}],"wp:attachment":[{"href":"https:\/\/www.biblia.work\/articulos\/wp-json\/wp\/v2\/media?parent=16565"}],"wp:term":[{"taxonomy":"category","embeddable":true,"href":"https:\/\/www.biblia.work\/articulos\/wp-json\/wp\/v2\/categories?post=16565"},{"taxonomy":"post_tag","embeddable":true,"href":"https:\/\/www.biblia.work\/articulos\/wp-json\/wp\/v2\/tags?post=16565"}],"curies":[{"name":"wp","href":"https:\/\/api.w.org\/{rel}","templated":true}]}}