{"id":16572,"date":"2022-07-26T23:55:47","date_gmt":"2022-07-27T04:55:47","guid":{"rendered":"https:\/\/www.biblia.work\/articulos\/tener-un-dia-especial\/"},"modified":"2022-07-26T23:55:47","modified_gmt":"2022-07-27T04:55:47","slug":"tener-un-dia-especial","status":"publish","type":"post","link":"https:\/\/www.biblia.work\/articulos\/tener-un-dia-especial\/","title":{"rendered":"Tener un d\u00eda especial"},"content":{"rendered":"<p>Todos los d\u00edas son especiales, pero algunos son m\u00e1s especiales que otros.<\/p>\n<p>Al menos ese parece ser el caso, a juzgar por la pl\u00e9tora de &#8220;d\u00edas festivos&amp;# 8221; que se est\u00e1n abriendo paso en el calendario. No estoy hablando de Navidad, Acci\u00f3n de Gracias y el D\u00eda de la Marmota &#8211; esos d\u00edas de celebraci\u00f3n reales que unen a amigos y familias para la alegr\u00eda y la fiesta. (\u00bfTu familia no disfruta de la fiesta anual del D\u00eda de la Marmota?) <\/p>\n<p>No, me refiero a esos nuevos d\u00edas festivos importantes como el &#8220;D\u00eda Nacional del Apret\u00f3n de Manos&#8221; (26 de junio) y &#8220;D\u00eda de los pastores de gatos&#8221; (15 de diciembre). Es posible que ya te hayas perdido el &#8220;D\u00eda de Concientizaci\u00f3n sobre los Ping\u00fcinos&#8221; (20 de enero) y &#8220;D\u00eda Internacional del Panqueque&#8221; (5 de febrero), pero todav\u00eda hay tiempo para planificar algunas actividades especiales en honor al &#8220;D\u00eda Nacional de High Five&#8221; (17 de abril), &#8220;Acepta tu d\u00eda geekness&#8221; (13 de julio) o &#8220;D\u00eda Internacional del Goof-Off&#8221; (22 de marzo). Pens\u00e1ndolo bien, no estoy seguro de qu\u00e9 tipo de actividades planear\u00edas para el &#8220;D\u00eda Internacional del Goof-Off&#8221; &#8211; recostado en el sof\u00e1?<\/p>\n<p>Dada la proliferaci\u00f3n de tales d\u00edas festivos no tradicionales, tal vez necesitemos desarrollar una serie de d\u00edas especiales como complemento al calendario tradicional de la iglesia. \u00bfQu\u00e9 tal estos para empezar:<\/p>\n<p>&nbsp;<\/p>\n<p>6 de enero&nbsp;&nbsp;&nbsp; &nbsp;&nbsp;&nbsp;&nbsp;&nbsp;&nbsp;&nbsp;&nbsp;&nbsp;&nbsp;&nbsp; D\u00eda Nacional del Presupuesto de la Iglesia<\/p>\n<p>&nbsp;<\/p>\n<p>10 de febrero &nbsp;&nbsp;&nbsp;&nbsp;&nbsp;&nbsp;&nbsp;&nbsp;&nbsp;&nbsp;&nbsp; Lleve a un di\u00e1cono al d\u00eda del almuerzo<\/p>\n<p>&nbsp;<\/p>\n<p>30 de marzo&nbsp;&nbsp;&nbsp;&nbsp;&nbsp;&nbsp;&nbsp;&nbsp; Domingo Internacional de Sobres de Ofrenda<\/p>\n<p>&nbsp;<\/p>\n<p>7 de abril&nbsp;&nbsp;&nbsp;&nbsp;&nbsp;&nbsp;&nbsp;&nbsp;&nbsp;&nbsp;&nbsp;&nbsp; Ir a un d\u00eda de conferencia de predicaci\u00f3n (lo siento, no pude evitarlo)<\/p>\n<p>&nbsp;<\/p>\n<p>11 de mayo&nbsp;&nbsp;&nbsp;&nbsp;&nbsp;&nbsp;&nbsp;&amp;nbsp ;&nbsp;&nbsp;&nbsp; D\u00eda de predicar m\u00e1s fuerte<\/p>\n<p>&nbsp;<\/p>\n<p>22 de junio&nbsp;&nbsp;&nbsp;&nbsp;&nbsp;&nbsp;&nbsp;&nbsp;&nbsp;&nbsp;&nbsp; D\u00eda Nacional de la Doctrina<\/p>\n<p>&nbsp;<\/p>\n<p>13 de julio&nbsp;&nbsp;&nbsp;&nbsp;&nbsp;&nbsp;&nbsp;&nbsp;&nbsp;&nbsp;&nbsp;&nbsp; Domingo de Predicaci\u00f3n al Coro<\/p>\n<p>&nbsp;<\/p>\n<p>3 de agosto&nbsp; &nbsp;&nbsp;&nbsp;&nbsp;&nbsp;&nbsp;&nbsp;&nbsp;&nbsp;&nbsp;&nbsp; D\u00eda de encontrar una ilustraci\u00f3n divertida<\/p>\n<p>&nbsp;<\/p>\n<p>28 de septiembre&nbsp;&nbsp;&nbsp;&nbsp;&nbsp;&nbsp;&nbsp;&nbsp;&nbsp;&nbsp;&nbsp; D\u00eda Internacional del P\u00falpito<\/p>\n<p>&nbsp;<\/p>\n<p>12 de octubre &nbsp;&nbsp;&nbsp;&nbsp;&nbsp;&nbsp;&nbsp;&nbsp;&nbsp;&nbsp; Leer un d\u00eda de comentarios realmente gruesos<\/p>\n<p>&nbsp;<\/p>\n<p>2 de noviembre&nbsp;&nbsp;&nbsp;&nbsp;&nbsp;&nbsp;&nbsp;&nbsp;&nbsp;&nbsp; D\u00eda Nacional del Serm\u00f3n M\u00e1s Corto<\/p>\n<p>&nbsp;<\/p>\n<p>31 de diciembre&nbsp;&nbsp;&nbsp;&nbsp;&nbsp;&nbsp;&nbsp;&nbsp;&nbsp;&nbsp;&nbsp;&nbsp; Completa el D\u00eda del Diezmo<\/p>\n<p>&nbsp;<\/p>\n<p>No s\u00e9 t\u00fa, pero yo voy a tener que comprar un calendario m\u00e1s grande.<\/p>\n<div style='clear:both'><\/div>\n<div class='the_champ_sharing_container the_champ_horizontal_sharing' data-super-socializer-href=\"https:\/\/www.preaching.com\/articles\/have-a-special-day\/ \">\n<div class='the_champ_sharing_title' style=\"font-weight:bold\">Compartir esto en:<\/div>\n<div class=\"the_champ_sharing_ul\"><\/div>\n<\/div>\n<div style='clear: ambos'><\/div>\n","protected":false},"excerpt":{"rendered":"<p>Todos los d\u00edas son especiales, pero algunos son m\u00e1s especiales que otros. Al menos ese parece ser el caso, a juzgar por la pl\u00e9tora de &#8220;d\u00edas festivos&amp;# 8221; que se est\u00e1n abriendo paso en el calendario. No estoy hablando de Navidad, Acci\u00f3n de Gracias y el D\u00eda de la Marmota &#8211; esos d\u00edas de celebraci\u00f3n &hellip; <a href=\"https:\/\/www.biblia.work\/articulos\/tener-un-dia-especial\/\" class=\"more-link\">Continuar leyendo<span class=\"screen-reader-text\"> \u00abTener un d\u00eda especial\u00bb<\/span><\/a><\/p>\n","protected":false},"author":1,"featured_media":0,"comment_status":"","ping_status":"","sticky":false,"template":"","format":"standard","meta":{"footnotes":""},"categories":[1],"tags":[],"class_list":["post-16572","post","type-post","status-publish","format-standard","hentry","category-general"],"_links":{"self":[{"href":"https:\/\/www.biblia.work\/articulos\/wp-json\/wp\/v2\/posts\/16572","targetHints":{"allow":["GET"]}}],"collection":[{"href":"https:\/\/www.biblia.work\/articulos\/wp-json\/wp\/v2\/posts"}],"about":[{"href":"https:\/\/www.biblia.work\/articulos\/wp-json\/wp\/v2\/types\/post"}],"author":[{"embeddable":true,"href":"https:\/\/www.biblia.work\/articulos\/wp-json\/wp\/v2\/users\/1"}],"replies":[{"embeddable":true,"href":"https:\/\/www.biblia.work\/articulos\/wp-json\/wp\/v2\/comments?post=16572"}],"version-history":[{"count":0,"href":"https:\/\/www.biblia.work\/articulos\/wp-json\/wp\/v2\/posts\/16572\/revisions"}],"wp:attachment":[{"href":"https:\/\/www.biblia.work\/articulos\/wp-json\/wp\/v2\/media?parent=16572"}],"wp:term":[{"taxonomy":"category","embeddable":true,"href":"https:\/\/www.biblia.work\/articulos\/wp-json\/wp\/v2\/categories?post=16572"},{"taxonomy":"post_tag","embeddable":true,"href":"https:\/\/www.biblia.work\/articulos\/wp-json\/wp\/v2\/tags?post=16572"}],"curies":[{"name":"wp","href":"https:\/\/api.w.org\/{rel}","templated":true}]}}