{"id":1999,"date":"2022-07-25T22:12:36","date_gmt":"2022-07-26T03:12:36","guid":{"rendered":"https:\/\/www.biblia.work\/articulos\/fueron-adan-y-jesus-en-algun-sentido-representantes-de-la-raza\/"},"modified":"2022-07-25T22:12:36","modified_gmt":"2022-07-26T03:12:36","slug":"fueron-adan-y-jesus-en-algun-sentido-representantes-de-la-raza","status":"publish","type":"post","link":"https:\/\/www.biblia.work\/articulos\/fueron-adan-y-jesus-en-algun-sentido-representantes-de-la-raza\/","title":{"rendered":"\u00bfFueron Ad\u00e1n y Jes\u00fas en alg\u00fan sentido representantes de la raza?"},"content":{"rendered":"<div class=\"post-content\">\n<p>Ad\u00e1n, como jefe federal de su familia, fue su representante en el Ed\u00e9n. Esto lo demuestra el hecho de que toda su posteridad est\u00e1 involucrada en todo lo que le afecta. As\u00ed, la sentencia de muerte que cay\u00f3 directamente sobre Ad\u00e1n afect\u00f3 y perjudic\u00f3 a cada uno de sus descendientes. Jes\u00fas no fue un representante en este sentido; Fue hecho hombre, \u00abpoco inferior a los \u00e1ngeles, para que, por la gracia de Dios, gustase la muerte por todos\u00bb. (`Heb. 2:9`) Se convierte en el sustituto de Ad\u00e1n, su Redentor. Paga por Ad\u00e1n la pena exigida por la Justicia divina. Dio su vida \u00aben rescate por todos, de lo cual se dar\u00e1 testimonio a su debido tiempo\u00bb. (`1 Tim. 2:6`) Dado que Ad\u00e1n era el representante de toda la familia humana, toda la raza humana debe compartir con \u00e9l los beneficios que se acumular\u00e1n a trav\u00e9s de la redenci\u00f3n provista por Jes\u00fas, su sustituto. As\u00ed la muerte de Jes\u00fas se hace eficaz para todos los que acepten el beneficio de ella, creyendo en el Se\u00f1or Jesucristo, como leemos: \u00abAs\u00ed como en Ad\u00e1n todos mueren, as\u00ed tambi\u00e9n todos en Cristo ser\u00e1n vivificados\u00bb. (`1 Co. 15:22`)<\/p>\n<\/p><\/div>\n","protected":false},"excerpt":{"rendered":"<p>Ad\u00e1n, como jefe federal de su familia, fue su representante en el Ed\u00e9n. Esto lo demuestra el hecho de que toda su posteridad est\u00e1 involucrada en todo lo que le afecta. As\u00ed, la sentencia de muerte que cay\u00f3 directamente sobre Ad\u00e1n afect\u00f3 y perjudic\u00f3 a cada uno de sus descendientes. Jes\u00fas no fue un representante &hellip; <a href=\"https:\/\/www.biblia.work\/articulos\/fueron-adan-y-jesus-en-algun-sentido-representantes-de-la-raza\/\" class=\"more-link\">Continuar leyendo<span class=\"screen-reader-text\"> \u00ab\u00bfFueron Ad\u00e1n y Jes\u00fas en alg\u00fan sentido representantes de la raza?\u00bb<\/span><\/a><\/p>\n","protected":false},"author":1,"featured_media":0,"comment_status":"","ping_status":"","sticky":false,"template":"","format":"standard","meta":{"footnotes":""},"categories":[1],"tags":[],"class_list":["post-1999","post","type-post","status-publish","format-standard","hentry","category-general"],"_links":{"self":[{"href":"https:\/\/www.biblia.work\/articulos\/wp-json\/wp\/v2\/posts\/1999","targetHints":{"allow":["GET"]}}],"collection":[{"href":"https:\/\/www.biblia.work\/articulos\/wp-json\/wp\/v2\/posts"}],"about":[{"href":"https:\/\/www.biblia.work\/articulos\/wp-json\/wp\/v2\/types\/post"}],"author":[{"embeddable":true,"href":"https:\/\/www.biblia.work\/articulos\/wp-json\/wp\/v2\/users\/1"}],"replies":[{"embeddable":true,"href":"https:\/\/www.biblia.work\/articulos\/wp-json\/wp\/v2\/comments?post=1999"}],"version-history":[{"count":0,"href":"https:\/\/www.biblia.work\/articulos\/wp-json\/wp\/v2\/posts\/1999\/revisions"}],"wp:attachment":[{"href":"https:\/\/www.biblia.work\/articulos\/wp-json\/wp\/v2\/media?parent=1999"}],"wp:term":[{"taxonomy":"category","embeddable":true,"href":"https:\/\/www.biblia.work\/articulos\/wp-json\/wp\/v2\/categories?post=1999"},{"taxonomy":"post_tag","embeddable":true,"href":"https:\/\/www.biblia.work\/articulos\/wp-json\/wp\/v2\/tags?post=1999"}],"curies":[{"name":"wp","href":"https:\/\/api.w.org\/{rel}","templated":true}]}}