{"id":21819,"date":"2022-07-27T12:25:24","date_gmt":"2022-07-27T17:25:24","guid":{"rendered":"https:\/\/www.biblia.work\/articulos\/st-patrick-por-que-su-mensaje-sigue-siendo-importante\/"},"modified":"2022-07-27T12:25:24","modified_gmt":"2022-07-27T17:25:24","slug":"st-patrick-por-que-su-mensaje-sigue-siendo-importante","status":"publish","type":"post","link":"https:\/\/www.biblia.work\/articulos\/st-patrick-por-que-su-mensaje-sigue-siendo-importante\/","title":{"rendered":"St. Patrick: Por qu\u00e9 su mensaje sigue siendo importante"},"content":{"rendered":"<p>El 17 de marzo est\u00e1 sobre nosotros nuevamente, y en todo el mundo todos son irlandeses o irlandesas honorarios durante 24 horas. La popularidad de San Patricio es el resultado de la pasi\u00f3n por los viajes de los irlandeses, y no hay rinc\u00f3n del mundo en el que no se honre su nombre.<\/p>\n<p>Sin embargo, si se conoce su nombre, su historia es menos familiar. y su mensaje a menudo queda ahogado por los desfiles, los tr\u00e9boles de pl\u00e1stico y la cerveza te\u00f1ida de verde.<\/p>\n<p>El poco conocimiento que tenemos de \u00e9l proviene de dos cartas que escribi\u00f3 en el transcurso de su trabajo misionero en quinto Irlanda del siglo XIX.<\/p>\n<p>En uno, condena valientemente a un se\u00f1or de la guerra que se llev\u00f3 a algunos de sus conversos a la esclavitud. El otro documento, conocido como su \u00abConfesi\u00f3n\u00bb, da un relato conmovedor de su conversi\u00f3n y su trabajo como ministro del Evangelio.<\/p>\n<p>Patrick naci\u00f3 en el a\u00f1o 389 en un entorno cristiano c\u00f3modo en Roman- Gran Breta\u00f1a ocupada. Como otros, dio por sentado a su familia, su fe y su buena fortuna.<\/p>\n<p>Todo esto cambi\u00f3 cuando un grupo de asaltantes irlandeses lo captur\u00f3 y lo vendi\u00f3 a \u00e9l ya sus j\u00f3venes compa\u00f1eros como esclavos. Arrebatado de la comodidad de su villa romana, se encontr\u00f3 pastoreando ovejas y espantando animales salvajes en la ladera de una monta\u00f1a irlandesa.<\/p>\n<p>Exiliado, abusado y explotado, Patricio se volvi\u00f3 a Cristo en su desesperaci\u00f3n, y el la relaci\u00f3n de fe que sigui\u00f3 transform\u00f3 su propia vida y la vida del pueblo irland\u00e9s.<\/p>\n<p>Escapando del cautiverio, regres\u00f3 con su familia y se hizo sacerdote.<\/p>\n<p>Quiz\u00e1s se habr\u00eda asentado en una c\u00f3moda carrera clerical si no hubiera sido por un sue\u00f1o en el que escuch\u00f3 la \u00abvoz de los irlandeses\u00bb rog\u00e1ndole que \u00abvenga y camine una vez m\u00e1s entre nosotros\u00bb. Esto lo tom\u00f3 como un llamado a regresar y proclamar la libertad de Cristo en la tierra de su cautiverio. Fue una decisi\u00f3n valiente y que exigi\u00f3 todas sus reservas de coraje y perd\u00f3n.<\/p>\n<p><strong>Desaf\u00edos personales<\/strong><\/p>\n<p>Pero la historia de Patrick no termina ah\u00ed. De la \u00abConfesi\u00f3n\u00bb aprendemos que su misi\u00f3n fue todo menos f\u00e1cil: fue objeto de amenazas y extorsi\u00f3n, sus conversos fueron esclavizados y brutalizados, y su propia integridad personal fue puesta en duda.<\/p>\n<p>Para Patrick ten\u00eda un oscuro secreto. Hacia los 15 a\u00f1os hab\u00eda cometido un delito muy grave. No revela cu\u00e1l fue la naturaleza de esta ofensa, pero habr\u00eda sido un obst\u00e1culo para su ordenaci\u00f3n si se hubiera revelado.<\/p>\n<p>Se lo confi\u00f3 a un amigo cercano, quien posteriormente traicion\u00f3 su confianza. En consecuencia, la misi\u00f3n de Patricio fue cuestionada y la \u00abConfesi\u00f3n\u00bb contiene una angustiada defensa de su ministerio frente a los detractores, a quienes se dirige con desd\u00e9n como \u00abustedes, hombres de letras, sentados en sus propiedades\u00bb.<\/p>\n<p> <strong>Dios trabajando dentro<\/strong><\/p>\n<p>Todo esto est\u00e1 muy lejos de la imagen higienizada del santo desterrando las serpientes de Irlanda con sus vestiduras verdes, bast\u00f3n de obispo y tr\u00e9bol de gran tama\u00f1o.<\/p>\n<p>Sin embargo, la realidad de San Patricio como se revela en la \u00abConfesi\u00f3n\u00bb nos muestra a alguien en quien la gracia de Dios estaba poderosamente activa. El Se\u00f1or se sirve habitualmente de personas d\u00e9biles y fr\u00e1giles para cumplir su voluntad, para edificar su reino: \u00abMi gracia os basta, mi fuerza se perfecciona en la debilidad\u00bb (2 Corintios 12,9).<\/p>\n<p> Patrick mismo reconoci\u00f3 esto; era consciente de ser \u00abr\u00fastico, exiliado, ignorante\u00bb, de carecer de la sofisticaci\u00f3n de otros obispos. Pero m\u00e1s que eso, era consciente del poder de Dios obrando dentro de \u00e9l.<\/p>\n<p>Cualquiera que est\u00e9 familiarizado con los campos amurallados de piedra que dividen el campo irland\u00e9s apreciar\u00e1 la imagen que usa para describir esto: \u00abYo era como una piedra en lodo profundo, y el que es poderoso vino y en su misericordia me levant\u00f3, y me levant\u00f3 en alto y me puso encima de la pared, y por eso debo gritar en voz alta y devolver algo al Se\u00f1or por la gran misericordia que me ha mostrado ahora y por todas las edades\u00bb.<\/p>\n<p>Aunque era d\u00e9bil, el \u00e9xito de Patrick resid\u00eda en su reconocimiento del poder del Evangelio para transformar, transfigurar y elevar, y esto es tan cierto para nosotros en el siglo XXI como lo fue para \u00e9l en el quinto.<\/p>\n<p><em>Este art\u00edculo apareci\u00f3 originalmente el 9 de marzo de 2010 en <\/em><em>TheCatholicSpirit.com<\/em><em> . Reimpreso con permiso. Todos los derechos reservados.<\/em><\/p>\n<p><strong>El hermano Colm\u00e1n \u00d3 Clabaigh, OSB<\/strong> es un monje benedictino de la Abad\u00eda de Glenstal en Irlanda, donde es el enfermero y archivero del monasterio. Historiador medieval, es autor de numerosos libros y art\u00edculos sobre el monacato y la religi\u00f3n medievales.<\/p>\n","protected":false},"excerpt":{"rendered":"<p>El 17 de marzo est\u00e1 sobre nosotros nuevamente, y en todo el mundo todos son irlandeses o irlandesas honorarios durante 24 horas. La popularidad de San Patricio es el resultado de la pasi\u00f3n por los viajes de los irlandeses, y no hay rinc\u00f3n del mundo en el que no se honre su nombre. Sin embargo, &hellip; <a href=\"https:\/\/www.biblia.work\/articulos\/st-patrick-por-que-su-mensaje-sigue-siendo-importante\/\" class=\"more-link\">Continuar leyendo<span class=\"screen-reader-text\"> \u00abSt. Patrick: Por qu\u00e9 su mensaje sigue siendo importante\u00bb<\/span><\/a><\/p>\n","protected":false},"author":1,"featured_media":0,"comment_status":"","ping_status":"","sticky":false,"template":"","format":"standard","meta":{"footnotes":""},"categories":[1],"tags":[],"class_list":["post-21819","post","type-post","status-publish","format-standard","hentry","category-general"],"_links":{"self":[{"href":"https:\/\/www.biblia.work\/articulos\/wp-json\/wp\/v2\/posts\/21819","targetHints":{"allow":["GET"]}}],"collection":[{"href":"https:\/\/www.biblia.work\/articulos\/wp-json\/wp\/v2\/posts"}],"about":[{"href":"https:\/\/www.biblia.work\/articulos\/wp-json\/wp\/v2\/types\/post"}],"author":[{"embeddable":true,"href":"https:\/\/www.biblia.work\/articulos\/wp-json\/wp\/v2\/users\/1"}],"replies":[{"embeddable":true,"href":"https:\/\/www.biblia.work\/articulos\/wp-json\/wp\/v2\/comments?post=21819"}],"version-history":[{"count":0,"href":"https:\/\/www.biblia.work\/articulos\/wp-json\/wp\/v2\/posts\/21819\/revisions"}],"wp:attachment":[{"href":"https:\/\/www.biblia.work\/articulos\/wp-json\/wp\/v2\/media?parent=21819"}],"wp:term":[{"taxonomy":"category","embeddable":true,"href":"https:\/\/www.biblia.work\/articulos\/wp-json\/wp\/v2\/categories?post=21819"},{"taxonomy":"post_tag","embeddable":true,"href":"https:\/\/www.biblia.work\/articulos\/wp-json\/wp\/v2\/tags?post=21819"}],"curies":[{"name":"wp","href":"https:\/\/api.w.org\/{rel}","templated":true}]}}