{"id":23761,"date":"2022-07-29T17:53:13","date_gmt":"2022-07-29T22:53:13","guid":{"rendered":"https:\/\/www.biblia.work\/articulos\/que-quiere-decir-jesus-con-yo-soy-la-luz-del-mundo-en-juan-812\/"},"modified":"2022-07-29T17:53:13","modified_gmt":"2022-07-29T22:53:13","slug":"que-quiere-decir-jesus-con-yo-soy-la-luz-del-mundo-en-juan-812","status":"publish","type":"post","link":"https:\/\/www.biblia.work\/articulos\/que-quiere-decir-jesus-con-yo-soy-la-luz-del-mundo-en-juan-812\/","title":{"rendered":"\u00bfQu\u00e9 quiere decir Jes\u00fas con \u00abYo soy la luz del mundo\u00bb en Juan 8:12?"},"content":{"rendered":"<p>En el siglo XXI, puede ser f\u00e1cil olvidar que la noche existe. Es muy f\u00e1cil ahuyentar la oscuridad con luces el\u00e9ctricas tanto dentro como fuera de nuestras casas, sin mencionar las farolas, los letreros de ne\u00f3n, los faros y las pantallas brillantes. Pero en los d\u00edas de Jes\u00fas, la oscuridad era inevitable. Cuando llegaba la puesta del sol, lo m\u00e1s que se ten\u00eda era una hoguera o una l\u00e1mpara de aceite. Los ladrones y los esp\u00edritus malignos eran fuentes constantes de miedo que podr\u00edan estar al acecho en las sombras. La oscuridad era un recordatorio de la incertidumbre de la vida y la peque\u00f1ez de los humanos frente al mal.<\/p>\n<h2>\u00bfQui\u00e9n es la luz del mundo?<\/h2>\n<p>Estaba en este tipo de mundo que Jes\u00fas vino \u2013 un mundo anhelando la luz. Fue profetizado que \u00abEl pueblo que andaba en tinieblas vio gran luz; los que habitaban en tierra de profundas tinieblas, luz resplandeci\u00f3 sobre ellos\u00bb (Isa\u00edas 9:2) cuando Emanuel vino a morar con nosotros. De \u00e9l tambi\u00e9n se dijo:<\/p>\n<blockquote>\n<p>\u201cEl sol naciente vendr\u00e1 a nosotros desde el cielo<\/p>\n<p>para alumbrar a los que viven en tinieblas<\/p>\n<p>y en la sombra de la muerte,<\/p>\n<p>para encaminar nuestros pasos por la senda de la paz\u00bb. (Lucas 1:78-79)<\/p>\n<\/blockquote>\n<p>Cuando Jes\u00fas comenz\u00f3 su ministerio, Mateo lo presenta como la luz largamente esperada:<\/p>\n<p>\u00abCuando Jes\u00fas escuch\u00f3 que Juan puesto en la c\u00e1rcel, se retir\u00f3 a Galilea, y dejando Nazaret, se fue y habit\u00f3 en Cafarna\u00fam, que estaba junto al lago, en la regi\u00f3n de Zabul\u00f3n y Neftal\u00ed, para que se cumpliese lo dicho por el profeta Isa\u00edas:<\/p>\n<p>&#8216;Tierra de Zabul\u00f3n y tierra de Neftal\u00ed, Camino del Mar, al otro lado del Jord\u00e1n,<\/p>\n<p>Galilea de los gentiles; el pueblo que habitaba en tinieblas ha visto una gran luz;<\/p>\n<p> a los que moraban en tierra de sombra de muerte, una luz les resplandeci\u00f3.'\u00bb&nbsp;<\/p>\n<p>Desde entonces, Jes\u00fas comenz\u00f3 a predicar: \u00abArrepent\u00edos, porque el reino de los cielos se ha acercado\u00bb. <\/p>\n<h2>\u00bfCu\u00e1l es el contexto de Juan 8:12?<\/h2>\n<p>Durante el ministerio de Jes\u00fas en la tierra, se refiri\u00f3 a s\u00ed mismo como la luz del mundo (Juan 8:12, Juan 9: 5, Juan 12:46). En Juan 8:12, por ejemplo: \u00abOtra vez Jes\u00fas les habl\u00f3, diciendo: &#8216;Yo soy la luz del mundo. El que me sigue, no andar\u00e1 en tinieblas, sino que tendr\u00e1 la luz de la vida'\u00bb. Jes\u00fas pronuncia estas palabras. en el contexto de m\u00faltiples desacuerdos entre los jud\u00edos sobre qui\u00e9n era y qu\u00e9 dec\u00eda, y la incredulidad de los l\u00edderes jud\u00edos y el creciente odio hacia \u00e9l.<\/p>\n<p>Despu\u00e9s de que \u00e9l afirm\u00f3 ser la luz del mundo, los l\u00edderes jud\u00edos inmediatamente lo desafiaron. Estas interacciones contin\u00faan escalando por muchos vers\u00edculos m\u00e1s hasta que Jes\u00fas finalmente hace la declaraci\u00f3n: \u00ab&#8216;De cierto, de cierto os digo&#8230; \u00a1antes que Abraham naciera, yo soy!'\u00bb y los l\u00edderes intentan apedrearlo porque ha dejado en claro que \u00e9l es afirmando ser Dios en la carne.<\/p>\n<h2>\u00bfQu\u00e9 significa la luz en la Biblia?<\/h2>\n<p>En la Biblia, la luz representa a Dios y las cosas buenas que provienen de \u00e9l. \u00abDios es luz\u00bb, dice Juan, \u00aby en \u00e9l no hay oscuridad alguna\u00bb (1 Juan 1:5). Tambi\u00e9n se le llama \u00abel Padre de las luces celestiales, que no cambia como las sombras que se mueven\u00bb (Santiago 1:17). El salmista declara: \u00abJehov\u00e1 es mi luz y mi salvaci\u00f3n; \u00bfde qui\u00e9n temer\u00e9?\u00bb (Salmo 27:1). El primer acto de creaci\u00f3n de Dios fue decir: \u00abH\u00e1gase la luz\u00bb (G\u00e9nesis 1:3). En Juan 1, el ap\u00f3stol comienza a desarrollar un tema del Jes\u00fas eternamente existente como la luz a la que seguir\u00e1 regresando a lo largo de su Evangelio y otros escritos:<\/p>\n<blockquote>\n<p>\u00abEn el principio era el Verbo , y el Verbo estaba con Dios, y el Verbo era Dios. El estaba en el principio con Dios. Todas las cosas por \u00e9l fueron hechas, y sin \u00e9l nada de lo que ha sido hecho, fue hecho. En \u00e9l estaba la vida, y la vida fue la luz de los hombres. La luz resplandece en las tinieblas, y las tinieblas no la han vencido. Hubo un hombre enviado por Dios, que se llamaba Juan. Vino como testigo, para dar testimonio acerca de la luz, a fin de que todos creyeran. por medio de \u00e9l. \u00c9l no era la luz, sino que vino para dar testimonio de la luz. La luz verdadera, que alumbra a todos, ven\u00eda al mundo\u201d. (Juan 1:1-9)<\/p>\n<\/blockquote>\n<p>El Se\u00f1or predijo que levantar\u00eda a un siervo sufriente para hacer disc\u00edpulos a todas las naciones, diciendo:<\/p>\n<blockquote>\n<p>\u00bb Es poca cosa que t\u00fa seas mi siervo para levantar las tribus de Jacob y para hacer volver a los preservados de Israel;<\/p>\n<p>Te pondr\u00e9 por luz de las naciones, para que mi salvaci\u00f3n sea hasta los confines de la tierra\u00bb (Isa\u00edas 49:6).<\/p>\n<\/blockquote>\n<p>Pablo muestra c\u00f3mo Jes\u00fas cumple esta profec\u00eda cuando proclama: \u00abNo digo nada m\u00e1s all\u00e1 de lo que los profetas y Mois\u00e9s dijeron que sucediera\u2014 que el Mes\u00edas sufrir\u00eda y, como el primero en resucitar de entre los muertos, llevar\u00eda el mensaje de luz a su propio pueblo y a los gentiles\u00bb.<\/p>\n<p>Llegar\u00e1 un d\u00eda en el que habr\u00e1 no m\u00e1s anhelo de luz, porque el resplandor pleno de la gloria de Dios brillar\u00e1 sobre su pueblo para siempre. Apocalipsis 21:23 predice que en la eternidad, \u00abla ciudad [celestial] no tiene necesidad de sol ni de luna que la iluminen, porque la gloria de Dios la alumbra, y el Cordero es su lumbrera\u00bb.<\/p>\n<h2>C\u00f3mo puedes ser una luz<\/h2>\n<p><\/p>\n<p data-v-b80f457c=\"\">\n<p data-v-b80f457c=\"\">\n<h2>3.) Camine en la luz (1 Juan 1:7, 2:9-11)<\/h2>\n<p>1 Juan describe \u00abcaminar en la luz\u00bb como amar verdaderamente a los dem\u00e1s: \u00abCualquiera que dice que est\u00e1 en la luz y odia a su hermano, est\u00e1 todav\u00eda en tinieblas. El que ama a su hermano, permanece en la luz, y en \u00e9l no hay motivo de tropiezo. Pero el que odia a su hermano, est\u00e1 en tinieblas y anda en tinieblas, y no sabe ad\u00f3nde va, porque las tinieblas ha cegado sus ojos\u00bb. (1 Juan 2:9-11).<\/p>\n<h2>4.) Vest\u00edos de la Armadura de Luz (Romanos 13:11-14)<\/h2>\n<p>Pablo insta a los creyentes a estar alerta: \u00abAdem\u00e1s esto sab\u00e9is el tiempo, que os ha llegado la hora de despertar del sue\u00f1o. Porque la salvaci\u00f3n est\u00e1 ahora m\u00e1s cerca de nosotros que cuando cre\u00edmos. La noche est\u00e1 avanzada, el d\u00eda est\u00e1 cerca. Entonces, desechemos el obras de las tinieblas y vist\u00e1os las armas de la luz. Andemos como de d\u00eda, no en org\u00edas y borracheras, no en fornicaciones y sensualidades, no en contiendas y celos. Antes bien, vest\u00edos del Se\u00f1or Jesucristo, y no hag\u00e1is provisi\u00f3n para la carne, para satisfacer sus deseos\u00bb (Romanos 13:11-14). Anteriormente en este cap\u00edtulo, Pablo ha mostrado a los creyentes c\u00f3mo es \u00abvestirse del Se\u00f1or Jes\u00fas\u00bb simplemente siguiendo el mandato \u00abAmar\u00e1s a tu pr\u00f3jimo como a ti mismo\u00bb (Romanos 13:9).<\/p>\n<p> Si bien es posible que no sintamos la misma desesperaci\u00f3n por la luz f\u00edsica en el d\u00eda moderno con luz el\u00e9ctrica que la gente de la \u00e9poca de Jes\u00fas, sentimos un profundo anhelo por la luz espiritual. Vivimos en d\u00edas oscuros y anhelamos la luz de la presencia de Dios. Podemos consolarnos sabiendo que \u00abla luz brilla en las tinieblas, y las tinieblas no la han vencido\u00bb (Juan 1:5). Y nos regocijamos de que \u00abDios, que dijo: &#8216;Que de las tinieblas resplandezca la luz&#8217;, ha resplandecido en nuestros corazones para iluminaci\u00f3n del conocimiento de la gloria de Dios en la faz de Jesucristo\u00bb (2 Corintios 4:6). . \u00a1Porque \u00e9l ha brillado en nuestros corazones, podemos brillar en nuestro mundo con su luz!<\/p>\n<p>\n","protected":false},"excerpt":{"rendered":"<p>En el siglo XXI, puede ser f\u00e1cil olvidar que la noche existe. Es muy f\u00e1cil ahuyentar la oscuridad con luces el\u00e9ctricas tanto dentro como fuera de nuestras casas, sin mencionar las farolas, los letreros de ne\u00f3n, los faros y las pantallas brillantes. Pero en los d\u00edas de Jes\u00fas, la oscuridad era inevitable. Cuando llegaba la &hellip; <a href=\"https:\/\/www.biblia.work\/articulos\/que-quiere-decir-jesus-con-yo-soy-la-luz-del-mundo-en-juan-812\/\" class=\"more-link\">Continuar leyendo<span class=\"screen-reader-text\"> \u00ab\u00bfQu\u00e9 quiere decir Jes\u00fas con \u00abYo soy la luz del mundo\u00bb en Juan 8:12?\u00bb<\/span><\/a><\/p>\n","protected":false},"author":1,"featured_media":0,"comment_status":"","ping_status":"","sticky":false,"template":"","format":"standard","meta":{"footnotes":""},"categories":[1],"tags":[],"class_list":["post-23761","post","type-post","status-publish","format-standard","hentry","category-general"],"_links":{"self":[{"href":"https:\/\/www.biblia.work\/articulos\/wp-json\/wp\/v2\/posts\/23761","targetHints":{"allow":["GET"]}}],"collection":[{"href":"https:\/\/www.biblia.work\/articulos\/wp-json\/wp\/v2\/posts"}],"about":[{"href":"https:\/\/www.biblia.work\/articulos\/wp-json\/wp\/v2\/types\/post"}],"author":[{"embeddable":true,"href":"https:\/\/www.biblia.work\/articulos\/wp-json\/wp\/v2\/users\/1"}],"replies":[{"embeddable":true,"href":"https:\/\/www.biblia.work\/articulos\/wp-json\/wp\/v2\/comments?post=23761"}],"version-history":[{"count":0,"href":"https:\/\/www.biblia.work\/articulos\/wp-json\/wp\/v2\/posts\/23761\/revisions"}],"wp:attachment":[{"href":"https:\/\/www.biblia.work\/articulos\/wp-json\/wp\/v2\/media?parent=23761"}],"wp:term":[{"taxonomy":"category","embeddable":true,"href":"https:\/\/www.biblia.work\/articulos\/wp-json\/wp\/v2\/categories?post=23761"},{"taxonomy":"post_tag","embeddable":true,"href":"https:\/\/www.biblia.work\/articulos\/wp-json\/wp\/v2\/tags?post=23761"}],"curies":[{"name":"wp","href":"https:\/\/api.w.org\/{rel}","templated":true}]}}