{"id":24307,"date":"2022-07-29T18:11:16","date_gmt":"2022-07-29T23:11:16","guid":{"rendered":"https:\/\/www.biblia.work\/articulos\/cual-era-el-origen-etnico-y-la-nacionalidad-de-jesus\/"},"modified":"2022-07-29T18:11:16","modified_gmt":"2022-07-29T23:11:16","slug":"cual-era-el-origen-etnico-y-la-nacionalidad-de-jesus","status":"publish","type":"post","link":"https:\/\/www.biblia.work\/articulos\/cual-era-el-origen-etnico-y-la-nacionalidad-de-jesus\/","title":{"rendered":"\u00bfCu\u00e1l era el origen \u00e9tnico y la nacionalidad de Jes\u00fas?"},"content":{"rendered":"<p>Mientras los activistas intentan apropiarse del origen \u00e9tnico y la nacionalidad de Jes\u00fas para sus propios fines, la Biblia es clara acerca de sus antecedentes. Es importante examinar de d\u00f3nde vino el Se\u00f1or y por qu\u00e9 Su origen \u00e9tnico y nacionalidad hacen una diferencia en nuestras vidas hoy.<\/p>\n<h2>\u00bfCu\u00e1l es la diferencia entre origen \u00e9tnico y nacionalidad?<\/h2>\n<p>Antes de considerar el etnicidad y nacionalidad de Jes\u00fas, es \u00fatil definir esos t\u00e9rminos porque muchas personas los confunden.<\/p>\n<p><strong>Etnicidad<\/strong> es en gran parte un t\u00e9rmino cultural. Las caracter\u00edsticas culturales definen a las personas que pertenecen a grupos espec\u00edficos. El idioma o el acento pueden ayudar a definir el origen \u00e9tnico de una persona, y la religi\u00f3n tambi\u00e9n juega un papel. Las costumbres sociales, los estilos de vestir, los peinados, los alimentos preferidos y las restricciones o preferencias diet\u00e9ticas tambi\u00e9n forman parte del origen \u00e9tnico de una persona.<\/p>\n<p><strong>Nacionalidad<\/strong> es m\u00e1s un t\u00e9rmino legal. La percepci\u00f3n legal de pertenecer a una naci\u00f3n espec\u00edfica tiene que ver con la ciudadan\u00eda de una persona, ya sea por derecho de nacimiento o por naturalizaci\u00f3n. Adem\u00e1s de esos t\u00e9rminos, muchas personas hablan de \u00abraza\u00bb, que se dice que involucra caracter\u00edsticas f\u00edsicas como la piel, el color de los ojos y el cabello, la textura del cabello, los rasgos faciales e incluso el f\u00edsico. Las caracter\u00edsticas f\u00edsicas pueden variar dentro de diferentes etnias.<\/p>\n<p>Cada vez m\u00e1s personas creen que la raza es una construcci\u00f3n social sin base cient\u00edfica. El ap\u00f3logo y expastor Dr. Voddie T. Baucham, Jr., dijo que el concepto de raza no es un concepto b\u00edblico, excepto que todos somos \u201cuna raza en Ad\u00e1n\u201d. Desde una perspectiva bioqu\u00edmica, dijo, todos somos tonos del mismo color: diferentes grados de melanina. Sin embargo, otros creen que hay, adem\u00e1s de un pueblo santo en Cristo (1 Pedro 2:9), diferentes razas o \u201cclases\u201d de personas dentro de la humanidad. Este art\u00edculo solo considera el origen \u00e9tnico y la nacionalidad.<\/p>\n<h2>\u00bfQu\u00e9 dice la Biblia sobre la nacionalidad de Jes\u00fas?<\/h2>\n<p>Legalmente, la nacionalidad de Jes\u00fas era jud\u00eda. Naci\u00f3 de padres jud\u00edos en Bel\u00e9n, en la parte sur de las monta\u00f1as de Judea en lo que ahora se llama Cisjordania del actual Israel. La rica historia de Bel\u00e9n como la \u201cciudad de David\u201d (Lucas 2:4) \u2014la ciudad natal del rey David\u2014 fue una parte importante del reclamo terrenal de Jes\u00fas como Mes\u00edas, un cumplimiento de la profec\u00eda 600 a\u00f1os antes (Miqueas 5:2). La Biblia relata Su nacimiento (Mateo 1:18-25, Mateo 2:1-2; Lucas 1:26-28; Lucas 2:1-20) durante el reinado de Herodes el Grande. Sus padres terrenales, Mar\u00eda y Jos\u00e9 eran de la zona norte de Galilea en Nazaret. Como ciudadanos de Nazaret, viajaron a Bel\u00e9n de Judea durante un censo decretado por el emperador romano C\u00e9sar Augusto (Lucas 2:1). Fueron a Bel\u00e9n porque Jos\u00e9 era \u201cde la casa y linaje de David\u201d (Lucas 2:4-5).<\/p>\n<p>Mateo 1:1-17 rastrea la ascendencia de Jes\u00fas desde Abraham hasta David (linaje de Jos\u00e9) , y Lucas 3:23-38 rastrea su ascendencia desde Ad\u00e1n hasta Dios (linaje de Mar\u00eda). &nbsp;La nacionalidad de Jes\u00fas puede abordarse con varios t\u00e9rminos porque t\u00e9cnicamente su antepasado Abraham era hebreo (G\u00e9nesis 14:13), Jacob era israelita (G\u00e9nesis 35:10) y uno de los hijos de Jacob en el linaje del Mes\u00edas, Jud\u00e1. , llev\u00f3 a que sus descendientes fueran llamados \u00abjud\u00edos\u00bb, o m\u00e1s tarde, \u00abjud\u00edos\u00bb. Curiosamente, se hizo referencia a Jes\u00fas como \u00abRey de los jud\u00edos\u00bb en Su nacimiento (Mateo 2:2) y en Su muerte (Juan 19:19).<\/p>\n<h2>\u00bfQu\u00e9 dice la Biblia sobre el origen \u00e9tnico de Jes\u00fas? <\/h2>\n<p>Recordando que etnicidad es un t\u00e9rmino cultural, sabemos a qu\u00e9 grupo cultural pertenec\u00eda Jes\u00fas. Seg\u00fan las Escrituras, Jes\u00fas naci\u00f3, vivi\u00f3 y muri\u00f3 como jud\u00edo (Mateo 2:1-12; Romanos 9:4-5; Juan 4:9; Lucas 21:37; Mateo 27:35-37). Era el \u201chijo de David, hijo de Abraham\u201d (Mateo 1:1), descendiente de Jud\u00e1 (Hebreos 7:14).<\/p>\n<p>Aprendi\u00f3 m\u00e1s que carpinter\u00eda de su padre. Aprendi\u00f3 la fe de Sus antepasados espirituales, conoc\u00eda las Escrituras hebreas y las cit\u00f3 en Su ministerio. Su vida estuvo profundamente arraigada en el juda\u00edsmo de su \u00e9poca. Adoraba con los jud\u00edos y celebraba sus fiestas y ense\u00f1aba en el templo y en las sinagogas (Lucas 21:37; Mateo 13:54; Lucas 6:6; Juan 18:20). Fue considerado un rabino jud\u00edo (Juan 1:38; 6:25). La adoraci\u00f3n de Jes\u00fas con los jud\u00edos fue documentada. Desde ni\u00f1o iba en peregrinaciones regulares al Templo, adorando durante la Fiesta de la Pascua (Lucas 2:41-42).<\/p>\n<p>Cuando comenz\u00f3 a ministrar, abog\u00f3 por la observancia de la ley jud\u00eda (Mateo 5 :17-18) mientras fomenta un est\u00e1ndar m\u00e1s alto que la mera conformidad externa a \u00e9l (Mateo 5:20). Rechaz\u00f3 la reinterpretaci\u00f3n de la religi\u00f3n jud\u00eda y las adiciones farisaicas a la misma. No solo observ\u00f3 la Pascua sino tambi\u00e9n la Fiesta de los Tabern\u00e1culos (Juan 2:13; 7:2,10). Como jud\u00edo multi\u00e9tnico, los antecedentes de Jes\u00fas inclu\u00edan antiguos linajes de diferentes culturas del Medio Oriente. En la l\u00ednea del Mes\u00edas narrada en Mateo, se mencionan dos mujeres que claramente no eran jud\u00edas.<\/p>\n<p>Rahab era una mujer cananea que protegi\u00f3 a Josu\u00e9 y a sus hombres durante la conquista de Jeric\u00f3 (Josu\u00e9 2:1-21). ; 6:25). Rut, una moabita, naci\u00f3 y creci\u00f3 en el paganismo, pero conoci\u00f3 a Jehov\u00e1 y se mud\u00f3 con su suegra a Bel\u00e9n (Rut 1:3-4,6-18). Es posible que dos mujeres en el relato de Mateo hayan sido gentiles, pero esto se discute. La esposa de Jud\u00e1, S\u00faa, era cananea (G\u00e9nesis 38:2), y Jud\u00e1 escogi\u00f3 a Tamar para que fuera la esposa de su primog\u00e9nito. Algunos eruditos sugieren que Tamar tambi\u00e9n era de Cana\u00e1n, pero la Biblia no revela su origen \u00e9tnico. Algunos creen que Betsab\u00e9, la madre de Salom\u00f3n, era hitita porque estaba casada con un hitita antes de su asesinato (2 Samuel 11:3). Algunas fuentes creen que era israelita, pero su origen \u00e9tnico no est\u00e1 claro en las Escrituras.<\/p>\n<h2>\u00bfPor qu\u00e9 Jes\u00fas no era palestino?<\/h2>\n<p>En 2019, Linda Sarsour, una activista pol\u00edtica musulmana estadounidense , intent\u00f3 apropiarse culturalmente de la historia de Jes\u00fas para sus propios fines. Ella afirm\u00f3: \u201cJes\u00fas era palestino de Nazaret\u201d y solo un seguidor del juda\u00edsmo, no jud\u00edo. Ella dijo que Jes\u00fas ten\u00eda \u201cpiel cobriza y cabello lanudo\u201d como los palestinos. Tres meses antes, la congresista Ilhan Omar hizo la misma afirmaci\u00f3n acerca de que Jes\u00fas era palestino; y durante a\u00f1os otros como Yasser Arafat, Mahmoud Abbas y Hanan Ashmwari hicieron la misma afirmaci\u00f3n. De hecho, el principal negociador palestino, Saeb Erakat, cree que la madre de Jes\u00fas tambi\u00e9n era palestina, \u00a1al igual que su abuela, Juan el Bautista, y los ap\u00f3stoles! Aquellos que impulsan esta narrativa falsa intentan reemplazar las conexiones jud\u00edas hist\u00f3ricas con la tierra de Israel creando una historia imaginaria. Bel\u00e9n en Judea fue un reino cliente del Imperio Romano durante el reinado del rey Herodes.<\/p>\n<p>Los jud\u00edos del primer siglo nunca se habr\u00edan referido a su tierra como \u00abPalestina\u00bb. Hoy, Bel\u00e9n es una ciudad palestina en Cisjordania, y Nazaret es la ciudad \u00e1rabe palestina m\u00e1s grande dentro del distrito norte de Israel, Galilea. Pero Jes\u00fas no pod\u00eda ser palestino. Seg\u00fan Emanuel Miller en \u201cJes\u00fas era jud\u00edo, no palestino\u201d, \u201cLa entrada de los \u00e1rabes a Tierra Santa ocurri\u00f3 solo unos 700 a\u00f1os despu\u00e9s de que Jes\u00fas fuera crucificado cuando los conquistadores \u00e1rabes tomaron el \u00e1rea\u201d. Ignorar las ra\u00edces jud\u00edas de Jes\u00fas durante el tiempo que vivi\u00f3 no lo convierte en palestino. El Dr. Michael Rydelnik, profesor de Estudios Jud\u00edos y Biblia en el Instituto B\u00edblico Moody, tambi\u00e9n cuestiona las afirmaciones de Sarsour de tres maneras en \u00ab\u00bfEra Jes\u00fas un palestino?\u00bb Primero, la afirmaci\u00f3n del activista es hist\u00f3ricamente anacr\u00f3nica, dijo.<\/p>\n<p>Cuando Jes\u00fas naci\u00f3, Bel\u00e9n estaba en Judea (Mateo 2:5) y no hab\u00eda ning\u00fan lugar llamado \u201cPalestina\u201d. El emperador romano Adriano renombr\u00f3 a Israel como \u00abSiria Palestina\u00bb m\u00e1s tarde, en el a\u00f1o 135 d. C. En segundo lugar, la afirmaci\u00f3n de Sarsour es sociol\u00f3gicamente incorrecta, dijo Rydelnik. Al afirmar que los jud\u00edos no son un grupo \u00e9tnico, sino adherentes a la religi\u00f3n del juda\u00edsmo, Sarsour malinterpreta el juda\u00edsmo b\u00edblicamente, dijo. El juda\u00edsmo siempre ha estado asociado con Israel desde Abraham (G\u00e9nesis 12:2). \u201cEl juda\u00edsmo es una etnia, no simplemente una religi\u00f3n\u201d, dijo. En tercer lugar, la afirmaci\u00f3n de Sarsour sobre la aparici\u00f3n de Jes\u00fas se encuentra en el Cor\u00e1n, que fue escrito al menos 700 a\u00f1os despu\u00e9s de los evangelios. Para reforzar su punto, Rydelnik agreg\u00f3: \u00abIncluso el Cor\u00e1n reconoce que Jes\u00fas es jud\u00edo\u00bb.<\/p>\n<h2>\u00bfQu\u00e9 aspecto ten\u00eda Jes\u00fas?<\/h2>\n<p>Si bien Jes\u00fas ama a los ni\u00f1os peque\u00f1os, amarillo, negro y blanco\u201d, eso no significa que \u00c9l fuera de todos esos colores. La gente de hoy, por muchas razones, tiende a ver a Jes\u00fas en su propia imagen. Joan Taylor, profesora de Or\u00edgenes Cristianos y Juda\u00edsmo del Segundo Templo en el King&#8217;s College de Londres, dijo que las im\u00e1genes m\u00e1s conocidas de Jes\u00fas en la actualidad provienen de la era bizantina. Estas im\u00e1genes se basaron en una figura de un emperador entronizado con barba y cabello largo.<\/p>\n<p>\u201cEn 2001\u201d, dijo Taylor, \u201cel antrop\u00f3logo forense Richard Neave cre\u00f3 un modelo de un hombre galileo para un documental de la BBC, <em>Hijo de Dios<\/em>.\u201d El trabajo de Neave se bas\u00f3 en un cr\u00e1neo real encontrado en la regi\u00f3n, pero Neave \u201cno afirm\u00f3 que fuera el rostro de Jes\u00fas\u201d, dijo Taylor. Sin embargo, la imagen hizo que las personas reconsideraran c\u00f3mo pensaban que era Jes\u00fas. \u00a1Muchos se sorprendieron de que la representaci\u00f3n de Neave no fuera el familiar Jes\u00fas de aspecto escandinavo con cabello rubio y ojos azules! Los rasgos faciales de Jes\u00fas eran jud\u00edos. Como la mayor\u00eda de los jud\u00edos de su \u00e9poca, probablemente ten\u00eda el pelo corto y tal vez una barba corta. Algunos cristianos primitivos lo retrataron sin barba y con el cabello corto, dijo Taylor.<\/p>\n<p>Algunas personas a lo largo de los a\u00f1os dijeron err\u00f3neamente que Jes\u00fas tom\u00f3 un voto de nazareo, lo que significa que tendr\u00eda el cabello largo; pero Jes\u00fas fue llamado nazareno, no nazareo. Su interacci\u00f3n con la gente mostr\u00f3 que no cumpli\u00f3 un voto nazareo (N\u00fameros 6:1-21; Mateo 11:19). Edward J Blum, coautor de <em>Color of Christ: A Story of Race and Religion in America<\/em>, dijo que Jes\u00fas probablemente no fue \u00abcincelado\u00bb como el imponente personaje que interpret\u00f3 Jim Caviezel en <em>The Passion of el Cristo<\/em>, sino que probablemente era bajo o promedio en altura con el f\u00edsico de un carpintero t\u00edpico. Algunos dir\u00edan que el aspecto de Jes\u00fas es intrascendente porque la apariencia f\u00edsica es superficial. de color.\u201d Se\u00f1alan a jud\u00edos africanos m\u00e1s oscuros. Pero el estudio del pueblo jud\u00edo de hoy revela varios colores de piel, desde tonos marrones hasta claros, pero no de piel clara n\u00f3rdica o de Europa occidental. Jes\u00fas era, humanamente hablando, un reflejo del juda\u00edsmo <em>de su tiempo<\/em> y probablemente ten\u00eda piel aceitunada, cabello casta\u00f1o oscuro a negro y ojos marrones, tal vez similar al modelo de Neave.<\/p>\n<h2>Por qu\u00e9 \u00bfImporta conocer el origen \u00e9tnico y la nacionalidad de Jes\u00fas?<\/h2>\n<p>Conocer el origen \u00e9tnico y la nacionalidad de Jes\u00fas no es simplemente un estudio hist\u00f3rico. Es importante teol\u00f3gicamente porque afecta la salvaci\u00f3n de la humanidad. En \u00faltima instancia, la elecci\u00f3n de Dios de los jud\u00edos para ser Su pueblo escogido fue producir el Mes\u00edas, el Salvador del mundo. No significaba que los jud\u00edos fueran superiores o inferiores a los dem\u00e1s; pero b\u00e1sicamente, Jes\u00fas tuvo que nacer de alg\u00fan grupo de personas, y Dios escogi\u00f3 al pueblo jud\u00edo como \u201csu pueblo, su tesoro\u201d (Deuteronomio 7:6).<\/p>\n<p>La salvaci\u00f3n es \u201cde los jud\u00edos\u201d (Juan 4:22). John Piper explica por qu\u00e9 esto es significativo en \u00ab\u00bfPor qu\u00e9 naci\u00f3 Jes\u00fas jud\u00edo?\u00bb Escribi\u00f3: \u201cDios se enred\u00f3 con la humanidad como jud\u00edo \u00e9tnico porque dos mil a\u00f1os antes se hab\u00eda enredado con Abraham, el padre del pueblo jud\u00edo\u201d (G\u00e9nesis 12:2-3; Nehem\u00edas 9:7; Am\u00f3s 3:2; Deuteronomio 7:6).<\/p>\n<p>Durante esos 2000 a\u00f1os, Dios enfoc\u00f3 Su \u00abparticipaci\u00f3n salvadora\u00bb con el mundo en Israel, no en las naciones, dijo Piper. Pero G\u00e1latas 4:4 nos dice: \u201cCuando se cumpli\u00f3 el tiempo se\u00f1alado, Dios envi\u00f3 a su Hijo, nacido de mujer y nacido bajo la ley\u201d, es decir, Jes\u00fas naci\u00f3 jud\u00edo de acuerdo con el claro prop\u00f3sito de Su Padre y en el tiempo del Padre. \u201cClaramente, la vida, la muerte y la resurrecci\u00f3n de este Mes\u00edas jud\u00edo conduc\u00edan a la salvaci\u00f3n de los gentiles, las naciones\u201d, dijo Piper.<\/p>\n<p>Durante su vida, Jes\u00fas tambi\u00e9n dijo esto (Mateo 8:11). -12; 21:43; 28:19). El rechazo de Israel a su Mes\u00edas abri\u00f3 la puerta a los gentiles. Los no jud\u00edos que creyeron en la muerte, sepultura y resurrecci\u00f3n de Jes\u00fas en su nombre fueron injertados en el pacto jud\u00edo por el Esp\u00edritu Santo (Romanos 11:7-18; 2:28-29). Jes\u00fas \u201cnaci\u00f3 jud\u00edo para que cada raza se regocijara en la misericordia, no en los grados de melanina\u201d, dijo Piper, \u201cy cada etnia se regocijar\u00eda en la misericordia, m\u00e1s que en las formas \u00e9tnicas\u2026 Jes\u00fas naci\u00f3 jud\u00edo para devastar toda jactancia en la etnia superioridad. Y para crear una raza nueva, alegre y amante de la misericordia\u201d.<\/p>\n<p><strong>Fuentes<\/strong><br \/>La raza es una construcci\u00f3n social, argumentan los cient\u00edficos<br \/>Una visi\u00f3n b\u00edblica de las razas<br \/>C\u00e9sar Augusto, una biograf\u00eda arqueol\u00f3gica<br \/>\u00bfCu\u00e1l era el linaje de Mar\u00eda?<\/p>\n<p>Jes\u00fas no era palestino<br \/>\u00bfEra Jes\u00fas palestino?<br \/>\u00bfC\u00f3mo era realmente Jes\u00fas?<br \/>Color de Cristo: una historia de raza y religi\u00f3n en Am\u00e9rica<\/p>\n<p>\n","protected":false},"excerpt":{"rendered":"<p>Mientras los activistas intentan apropiarse del origen \u00e9tnico y la nacionalidad de Jes\u00fas para sus propios fines, la Biblia es clara acerca de sus antecedentes. Es importante examinar de d\u00f3nde vino el Se\u00f1or y por qu\u00e9 Su origen \u00e9tnico y nacionalidad hacen una diferencia en nuestras vidas hoy. \u00bfCu\u00e1l es la diferencia entre origen \u00e9tnico &hellip; <a href=\"https:\/\/www.biblia.work\/articulos\/cual-era-el-origen-etnico-y-la-nacionalidad-de-jesus\/\" class=\"more-link\">Continuar leyendo<span class=\"screen-reader-text\"> \u00ab\u00bfCu\u00e1l era el origen \u00e9tnico y la nacionalidad de Jes\u00fas?\u00bb<\/span><\/a><\/p>\n","protected":false},"author":1,"featured_media":0,"comment_status":"","ping_status":"","sticky":false,"template":"","format":"standard","meta":{"footnotes":""},"categories":[1],"tags":[],"class_list":["post-24307","post","type-post","status-publish","format-standard","hentry","category-general"],"_links":{"self":[{"href":"https:\/\/www.biblia.work\/articulos\/wp-json\/wp\/v2\/posts\/24307","targetHints":{"allow":["GET"]}}],"collection":[{"href":"https:\/\/www.biblia.work\/articulos\/wp-json\/wp\/v2\/posts"}],"about":[{"href":"https:\/\/www.biblia.work\/articulos\/wp-json\/wp\/v2\/types\/post"}],"author":[{"embeddable":true,"href":"https:\/\/www.biblia.work\/articulos\/wp-json\/wp\/v2\/users\/1"}],"replies":[{"embeddable":true,"href":"https:\/\/www.biblia.work\/articulos\/wp-json\/wp\/v2\/comments?post=24307"}],"version-history":[{"count":0,"href":"https:\/\/www.biblia.work\/articulos\/wp-json\/wp\/v2\/posts\/24307\/revisions"}],"wp:attachment":[{"href":"https:\/\/www.biblia.work\/articulos\/wp-json\/wp\/v2\/media?parent=24307"}],"wp:term":[{"taxonomy":"category","embeddable":true,"href":"https:\/\/www.biblia.work\/articulos\/wp-json\/wp\/v2\/categories?post=24307"},{"taxonomy":"post_tag","embeddable":true,"href":"https:\/\/www.biblia.work\/articulos\/wp-json\/wp\/v2\/tags?post=24307"}],"curies":[{"name":"wp","href":"https:\/\/api.w.org\/{rel}","templated":true}]}}