{"id":24539,"date":"2022-07-29T18:19:14","date_gmt":"2022-07-29T23:19:14","guid":{"rendered":"https:\/\/www.biblia.work\/articulos\/5-razones-biblicas-para-no-tener-miedo-si-estamos-en-los-ultimos-tiempos\/"},"modified":"2022-07-29T18:19:14","modified_gmt":"2022-07-29T23:19:14","slug":"5-razones-biblicas-para-no-tener-miedo-si-estamos-en-los-ultimos-tiempos","status":"publish","type":"post","link":"https:\/\/www.biblia.work\/articulos\/5-razones-biblicas-para-no-tener-miedo-si-estamos-en-los-ultimos-tiempos\/","title":{"rendered":"5 Razones b\u00edblicas para no tener miedo si estamos en los \u00faltimos tiempos"},"content":{"rendered":"<p>Cuando surge el tema de los \u00faltimos tiempos o de los \u00faltimos d\u00edas, mucha gente responde con miedo. Lo entiendo. Cuando lees los eventos que ocurrir\u00e1n antes de la segunda venida de Cristo, hay raz\u00f3n para temer, si est\u00e1s del lado equivocado. Por cierto, si est\u00e1s en Cristo no est\u00e1s del lado equivocado. Es por eso que no debes tener miedo.<\/p>\n<p>De hecho, puedes mirar estas se\u00f1ales con gran esperanza y expectativa.<\/p>\n<p>Si has mirado los eventos del fin de los tiempos a trav\u00e9s de los lente del miedo, entonces quiero que dejes de hacer eso. Quiero que cambies tu forma de pensar hoy&#8230; y cambies la forma en que ves los eventos del fin de los tiempos. Quiero alinear su fe y esperanza con la promesa de las Escrituras. Entonces, comencemos, porque s\u00e9 que te gustar\u00eda tener buenas noticias hoy. Aqu\u00ed hay <strong>cinco razones b\u00edblicas a las que puede aferrarse para <em>no tener miedo<\/em> del fin de los tiempos:<\/strong><\/p>\n<p>\n","protected":false},"excerpt":{"rendered":"<p>Cuando surge el tema de los \u00faltimos tiempos o de los \u00faltimos d\u00edas, mucha gente responde con miedo. Lo entiendo. Cuando lees los eventos que ocurrir\u00e1n antes de la segunda venida de Cristo, hay raz\u00f3n para temer, si est\u00e1s del lado equivocado. Por cierto, si est\u00e1s en Cristo no est\u00e1s del lado equivocado. Es por &hellip; <a href=\"https:\/\/www.biblia.work\/articulos\/5-razones-biblicas-para-no-tener-miedo-si-estamos-en-los-ultimos-tiempos\/\" class=\"more-link\">Continuar leyendo<span class=\"screen-reader-text\"> \u00ab5 Razones b\u00edblicas para no tener miedo si estamos en los \u00faltimos tiempos\u00bb<\/span><\/a><\/p>\n","protected":false},"author":1,"featured_media":0,"comment_status":"","ping_status":"","sticky":false,"template":"","format":"standard","meta":{"footnotes":""},"categories":[1],"tags":[],"class_list":["post-24539","post","type-post","status-publish","format-standard","hentry","category-general"],"_links":{"self":[{"href":"https:\/\/www.biblia.work\/articulos\/wp-json\/wp\/v2\/posts\/24539","targetHints":{"allow":["GET"]}}],"collection":[{"href":"https:\/\/www.biblia.work\/articulos\/wp-json\/wp\/v2\/posts"}],"about":[{"href":"https:\/\/www.biblia.work\/articulos\/wp-json\/wp\/v2\/types\/post"}],"author":[{"embeddable":true,"href":"https:\/\/www.biblia.work\/articulos\/wp-json\/wp\/v2\/users\/1"}],"replies":[{"embeddable":true,"href":"https:\/\/www.biblia.work\/articulos\/wp-json\/wp\/v2\/comments?post=24539"}],"version-history":[{"count":0,"href":"https:\/\/www.biblia.work\/articulos\/wp-json\/wp\/v2\/posts\/24539\/revisions"}],"wp:attachment":[{"href":"https:\/\/www.biblia.work\/articulos\/wp-json\/wp\/v2\/media?parent=24539"}],"wp:term":[{"taxonomy":"category","embeddable":true,"href":"https:\/\/www.biblia.work\/articulos\/wp-json\/wp\/v2\/categories?post=24539"},{"taxonomy":"post_tag","embeddable":true,"href":"https:\/\/www.biblia.work\/articulos\/wp-json\/wp\/v2\/tags?post=24539"}],"curies":[{"name":"wp","href":"https:\/\/api.w.org\/{rel}","templated":true}]}}