{"id":25586,"date":"2022-07-29T18:57:15","date_gmt":"2022-07-29T23:57:15","guid":{"rendered":"https:\/\/www.biblia.work\/articulos\/la-importancia-de-guardar-mis-devocionales-diarios-una-leccion-aprendida\/"},"modified":"2022-07-29T18:57:15","modified_gmt":"2022-07-29T23:57:15","slug":"la-importancia-de-guardar-mis-devocionales-diarios-una-leccion-aprendida","status":"publish","type":"post","link":"https:\/\/www.biblia.work\/articulos\/la-importancia-de-guardar-mis-devocionales-diarios-una-leccion-aprendida\/","title":{"rendered":"La importancia de guardar mis devocionales diarios: una lecci\u00f3n aprendida"},"content":{"rendered":"<\/p>\n<p> Uno de mis buenos amigos se comprometi\u00f3 recientemente y est\u00e1 planeando un compromiso breve. Me llev\u00f3 de vuelta a mis propios d\u00edas de estar comprometido y contando apenas unas semanas desde la propuesta hasta el \u00abS\u00ed, acepto\u00bb. Desde la noche en que mi esposo pidi\u00f3 mi mano durante una tormenta hasta la ceremonia de la boda (que tambi\u00e9n cont\u00f3 con una tormenta anormal que trajo nuestras nupcias al aire libre adentro) pasaron exactamente 10 semanas.<\/p>\n<p class=\"MsoNormal\"> Como cualquier de ustedes que han planeado una boda saben que es bastante r\u00e1pido.<\/p>\n<p class=\"MsoNormal\"> &nbsp;<\/p>\n<p class=\"MsoNormal\"> Pero a pesar del corto per\u00edodo de tiempo, la boda sali\u00f3 tan hermoso como podr\u00eda haber querido. un poco de experiencia de primera mano, aqu\u00ed y en retrospectiva: comet\u00ed el error de poner la planificaci\u00f3n de la boda en primer lugar durante esas semanas mientras dejaba otras prioridades en un segundo plano. Prioridades como Dios.<\/p>\n<p class=\"MsoNormal\"> &nbsp;<\/p>\n<p class=\"MsoNormal\"> Ya sea que te cases en unas semanas o unos meses, ya sea que est\u00e9s trabajando en un trabajo de alto estr\u00e9s, ya sea que est\u00e9 cuidando a un ni\u00f1o malhumorado o cualquier otra cantidad de experiencias de la vida, todos podemos justificar f\u00e1cilmente este error. <\/p>\n<p class=\"MsoNormal\"> &nbsp;<\/p>\n<p class=\"MsoNormal\"> Fue tan f\u00e1cil para m\u00ed ver todo lo que ten\u00eda delante que ten\u00eda que hacerse y sumergirme de inmediato, lidiando con mis circunstancias primero en lugar de nutrir mi alma. Fue tan f\u00e1cil para m\u00ed hacer frente a lo exigente primero y dejar que lo que da vida permaneciera inactivo.<\/p>\n<p class=\"MsoNormal\"> &nbsp;<\/p>\n<p class=\"MsoNormal\"> Despu\u00e9s de solo unos pocos semanas de esto, me encontr\u00e9 en un lugar donde ya casi no me reconoc\u00eda. Me encontr\u00e9 en un lugar de crisis de fe. Incluso llam\u00e9 a mi entonces prometido y le dije: \u00abYa no s\u00e9 si creo en Dios\u00bb.<\/p>\n<p class=\"MsoNormal\"> &nbsp;<\/p>\n<p class=\"MsoNormal\"> Nunca hab\u00eda dejado de amar a Dios durante ese tiempo. Ni siquiera hab\u00eda dejado de ir a la iglesia o a estudios b\u00edblicos. Simplemente hab\u00eda dejado de conectarme con \u00c9l. Hab\u00eda cortado esos lazos que nos hab\u00edan unido tan estrechamente un mes antes y vi lo r\u00e1pido que se hab\u00eda deshecho todo. Vi c\u00f3mo hacerlo me dej\u00f3 sinti\u00e9ndome vac\u00edo y separado del Se\u00f1or, de modo que cuestion\u00e9 su misma existencia.<\/p>\n<p class=\"MsoNormal\"> &nbsp;<\/p>\n<p class=\"MsoNormal\"> \u00a1Qu\u00e9 revelaci\u00f3n.&nbsp;<\/p>\n<p class=\"MsoNormal\"> &nbsp;<\/p>\n<p class=\"MsoNormal\"> Me impuls\u00f3 a profundizar en mi fe, a tomar mi Biblia de confianza y derramar mi coraz\u00f3n en ello. Volver a arrodillarme y volcar mi coraz\u00f3n en mis oraciones. Para recuperar las prioridades que m\u00e1s importaban. Una boda va y viene, pero la fe es eterna.<\/p>\n<p class=\"MsoNormal\"> &nbsp;<\/p>\n<p class=\"MsoNormal\"> Es por eso que mis momentos de tranquilidad diarios ahora son una prioridad no negociable, por eso sostengo que hacer tiempo para pasar uno a uno con Dios es la \u00fanica resoluci\u00f3n que realmente importa. He estado en ese lugar donde vi el resultado de su ausencia. Y he visto c\u00f3mo esa inversi\u00f3n diaria, una parte diaria del s\u00e1bado en lo mundano y lo ca\u00f3tico, puede devolverle la vida a un coraz\u00f3n adormecido.<\/p>\n<p class=\"MsoNormal\"> &nbsp;<\/p>\n<p class=\"MsoNormal\">\n<p style=\"text-align: center\"> \t\t&ldquo;Yo soy la vid verdadera, y mi Padre es el labrador.<\/p>\n<p style=\"text-align: center\"> \t\t\u00c9l corta toda rama m\u00eda que no da fruto,<\/p>\n<p style=\"text-align: center\"> \t\ty poda las ramas que dan fruto para que produzcan a\u00fan m\u00e1s.<\/p>\n<p style=\"text-align: center\"> \t\tYa has sido podado y purificado por el mensaje que te he dado.<\/p>\n<p style=\"text-align: center\"> \t\tPermanece en m\u00ed , y yo permanecer\u00e9 en vosotros. Porque un p\u00e1mpano no puede dar fruto si se separa de la vid, y vosotros no pod\u00e9is dar fruto si no permanec\u00e9is en m\u00ed.\u201d<\/p>\n<p style=\"text-align: center\"> \t\tJuan 15:1-4 <\/p>\n<p> \t\tCarmen escribe el blog, Life Blessons, que brinda una mirada \u00edntima a su vida como una mujer veintea\u00f1era mientras detalla sus experiencias aprendiendo a vivir su fe, disfrutar las cosas simples de la vida y ser la mujer. Dios la cre\u00f3 para ser. En el camino, comparte las bendiciones y lecciones que son parte de este viaje, las cosas que le gusta llamar sus \u00abbendiciones\u00bb.<\/p>\n<p> \t\tSi\u00e9ntase libre de aprender m\u00e1s en su blog, Life Blessons.<\/p>\n<p> \t\tPublicaciones relacionadas <br \/> \t\tRecordando nuestros votos matrimoniales <br \/> \t\tC\u00f3mo nos conocimos mi esposo y yo hace dos a\u00f1os<\/p>\n<p style=\"text-align: center\"> \t\t{ fuente de la foto }&amp;nbsp ;<\/p>\n","protected":false},"excerpt":{"rendered":"<p>Uno de mis buenos amigos se comprometi\u00f3 recientemente y est\u00e1 planeando un compromiso breve. Me llev\u00f3 de vuelta a mis propios d\u00edas de estar comprometido y contando apenas unas semanas desde la propuesta hasta el \u00abS\u00ed, acepto\u00bb. Desde la noche en que mi esposo pidi\u00f3 mi mano durante una tormenta hasta la ceremonia de la &hellip; <a href=\"https:\/\/www.biblia.work\/articulos\/la-importancia-de-guardar-mis-devocionales-diarios-una-leccion-aprendida\/\" class=\"more-link\">Continuar leyendo<span class=\"screen-reader-text\"> \u00abLa importancia de guardar mis devocionales diarios: una lecci\u00f3n aprendida\u00bb<\/span><\/a><\/p>\n","protected":false},"author":1,"featured_media":0,"comment_status":"","ping_status":"","sticky":false,"template":"","format":"standard","meta":{"footnotes":""},"categories":[1],"tags":[],"class_list":["post-25586","post","type-post","status-publish","format-standard","hentry","category-general"],"_links":{"self":[{"href":"https:\/\/www.biblia.work\/articulos\/wp-json\/wp\/v2\/posts\/25586","targetHints":{"allow":["GET"]}}],"collection":[{"href":"https:\/\/www.biblia.work\/articulos\/wp-json\/wp\/v2\/posts"}],"about":[{"href":"https:\/\/www.biblia.work\/articulos\/wp-json\/wp\/v2\/types\/post"}],"author":[{"embeddable":true,"href":"https:\/\/www.biblia.work\/articulos\/wp-json\/wp\/v2\/users\/1"}],"replies":[{"embeddable":true,"href":"https:\/\/www.biblia.work\/articulos\/wp-json\/wp\/v2\/comments?post=25586"}],"version-history":[{"count":0,"href":"https:\/\/www.biblia.work\/articulos\/wp-json\/wp\/v2\/posts\/25586\/revisions"}],"wp:attachment":[{"href":"https:\/\/www.biblia.work\/articulos\/wp-json\/wp\/v2\/media?parent=25586"}],"wp:term":[{"taxonomy":"category","embeddable":true,"href":"https:\/\/www.biblia.work\/articulos\/wp-json\/wp\/v2\/categories?post=25586"},{"taxonomy":"post_tag","embeddable":true,"href":"https:\/\/www.biblia.work\/articulos\/wp-json\/wp\/v2\/tags?post=25586"}],"curies":[{"name":"wp","href":"https:\/\/api.w.org\/{rel}","templated":true}]}}