{"id":28946,"date":"2022-07-29T22:38:46","date_gmt":"2022-07-30T03:38:46","guid":{"rendered":"https:\/\/www.biblia.work\/articulos\/lo-que-dice-el-padre-sobre-los-padres\/"},"modified":"2022-07-29T22:38:46","modified_gmt":"2022-07-30T03:38:46","slug":"lo-que-dice-el-padre-sobre-los-padres","status":"publish","type":"post","link":"https:\/\/www.biblia.work\/articulos\/lo-que-dice-el-padre-sobre-los-padres\/","title":{"rendered":"Lo que dice el padre sobre los padres"},"content":{"rendered":"<p> \tTen\u00eda ya m\u00e1s de 30 a\u00f1os cuando aprend\u00ed a amar a mi padre por lo que es; no por quien pens\u00e9 que <em>deber\u00eda<\/em> ser. Siempre ha sido un buen hombre: trabajador, voluntario, feligrese, animador. Pero al crecer, pens\u00e9 que necesitaba m\u00e1s de \u00e9l: m\u00e1s abrazos, m\u00e1s ternura, m\u00e1s sent\u00e9monos y hablemos sobre nuestros sentimientos. Estaba enojado, lo compar\u00e9 con otros, culp\u00e9 de algunas de mis elecciones de vida a mi percepci\u00f3n de que \u00e9l no estaba \u00aball\u00ed\u00bb lo suficiente.<\/p>\n<p> Pero la verdad es que <strong>Dios lo sab\u00eda mucho antes de que apareci\u00e9semos. en esta tierra que ser\u00edamos una familia.<\/strong> Sab\u00eda que las fortalezas y las luchas de mi padre se juntar\u00edan con las m\u00edas para crear una relaci\u00f3n, y ser\u00eda un viaje, y si lo permiti\u00e9ramos (\u00a1lo cual tenemos! ) Usar\u00eda esas cosas para convertirnos cada vez m\u00e1s en las personas que \u00c9l nos cre\u00f3 para ser.<\/p>\n<p> A trav\u00e9s de los a\u00f1os, <strong>me he dado cuenta de que mi pap\u00e1 hizo lo mejor que pudo con lo que ten\u00eda en ese momento como padre<\/strong>. Y descubr\u00ed cu\u00e1n profundamente se preocupa por m\u00ed (\u00a1peculiaridades y todo!) incluso si lo demuestra de maneras diferentes a las m\u00edas. De hecho, hoy puedo decir verdaderamente que es uno de mis mejores amigos.<\/p>\n<p> Hay todo tipo de padres, y el tuyo puede ser una historia completamente diferente. Pero hay una cosa que todos comparten: no importa cu\u00e1les sean sus personalidades, dones, luchas, circunstancias&#8230; <strong>cada uno de ellos est\u00e1 llamado a vivir a la manera de Dios<\/strong>. Y cuando lo hacen, sus familias son bendecidas, las comunidades se fortalecen y se produce un efecto domin\u00f3 de bondad en el mundo.<\/p>\n<p> Nuestro Padre Celestial tiene mucho que decir sobre la paternidad:<\/p>\n<p> <strong><em>Como un padre se compadece de sus hijos, as\u00ed se compadece Jehov\u00e1 de los que le temen.<\/em><\/strong> Salmo 103:13 NVI<\/p>\n<p> Cuando nuestros padres se compadecen , nos permiten vislumbrar el coraz\u00f3n de Dios. Fuerte, pero tierno, profundamente comprensivo, ferozmente leal y siempre dispuesto a ayudarnos en los momentos m\u00e1s dif\u00edciles.<\/p>\n<p> <strong><em>Padres, no exasper\u00e9is a vuestros hijos; al contrario, criadlos en la disciplina y amonestaci\u00f3n del Se\u00f1or.<\/em><\/strong> Efesios 6:4 NVI<\/p>\n<p> Criar a un ni\u00f1o con l\u00edmites sanos y una disciplina piadosa no es tarea f\u00e1cil. Pero incluso en los momentos m\u00e1s frustrantes, un padre amoroso est\u00e1 llamado a ser como Jes\u00fas: firme en la verdad, pero lleno de gracia; nunca cr\u00edtico ni exigente.<\/p>\n<p> <strong><em>El justo lleva una vida intachable; bienaventurados sus hijos despu\u00e9s de ellos. <\/em>Proverbios 20:7 NVI<\/strong><\/p>\n<p> Las acciones de un padre dicen mucho a sus hijos. Incluso si no pueden articularlo cuando son j\u00f3venes, est\u00e1n observando y aprendiendo. E incluso si no lo admitir\u00e1n cuando sean mayores, hay una fuerte atracci\u00f3n por seguir sus pasos. Cuando un padre elige el camino correcto, su familia es bendecida.<\/p>\n<p> <strong><strong><em>El har\u00e1 volver el coraz\u00f3n de los padres hacia los hijos, y el coraz\u00f3n de los hijos hacia los padres \u2026 <\/em>Malaqu\u00edas 4:6 NVI<\/strong><\/strong><\/p>\n<p> El profundo afecto de un padre ofrece una sensaci\u00f3n de seguridad y seguridad que nada m\u00e1s puede dar. El coraz\u00f3n de un ni\u00f1o est\u00e1 bellamente dise\u00f1ado para responder a ese amor; es una conexi\u00f3n lo suficientemente fuerte como para durar toda la vida.<\/p>\n<p> Al reflexionar sobre la Palabra de Dios acerca de los padres, \u00bfqu\u00e9 pensamientos le vienen a la mente acerca de su padre o figura paterna? Quiz\u00e1s ha sido un gran ejemplo de servicio a los dem\u00e1s; Tal vez pas\u00f3 tiempo contigo cuando eras ni\u00f1o, ayud\u00e1ndote a aprender a navegar por la vida; Tal vez mostr\u00f3 un esp\u00edritu de gracia en un momento en que sab\u00edas que lo hab\u00eda tenido contigo.<\/p>\n<p> \u00bfTe unir\u00e1s a m\u00ed este D\u00eda del Padre y considerar\u00e1s escribirle una tarjeta a ese padre en tu vida? H\u00e1gale saber algo que aprecia de \u00e9l, algo espec\u00edfico que recuerde; de alguna manera ha ayudado a dar forma a la persona en la que te has convertido. Comparta una de las Escrituras anteriores y mu\u00e9strele c\u00f3mo su vida ha sido un reflejo de la verdad de Dios.<\/p>\n<p> Y si su pap\u00e1 ya no est\u00e1 con usted, seguramente hay otro pap\u00e1 en su vida: un esposo, un pariente, un amigo, que ser\u00eda tan bendecido de recibir una nota de agradecimiento de aliento.<\/p>\n<p> Todos sabemos que ning\u00fan padre terrenal es perfecto, pero podemos elegir centrarnos en sus formas de dar vida. y conf\u00eden en que Dios siempre est\u00e1 obrando para sacar lo mejor de ellos. (Filipenses 1:6)<\/p>\n<p> Los hombres en nuestras vidas necesitan ser levantados, recordar que somos fortalecidos por su presencia, que vemos el amor de nuestro Padre Celestial reflejado en ellos, que somos honren qui\u00e9nes son y en qui\u00e9n, por Su gracia, se est\u00e1n convirtiendo.<\/p>\n<p><p> \t\t<strong><strong><strong>Este art\u00edculo apareci\u00f3 originalmente en DaySpring.com. Usado con permiso. Para obtener m\u00e1s art\u00edculos inspiradores, tarjetas electr\u00f3nicas para compartir y cientos de herramientas y recursos cristianos, \u00a1visite DaySpring.com hoy mismo!<\/strong><\/strong><\/strong><\/p>\n<p> \t\t<strong><strong><em>Imagen cortes\u00eda:<\/em> <\/strong><\/strong>\u00a9Thinkstock\/AIPortraiture<\/p>\n<p> \t\t<strong><strong><em>Fecha de publicaci\u00f3n<\/em>: 9 de junio de 2017<\/strong><\/p>\n","protected":false},"excerpt":{"rendered":"<p>Ten\u00eda ya m\u00e1s de 30 a\u00f1os cuando aprend\u00ed a amar a mi padre por lo que es; no por quien pens\u00e9 que deber\u00eda ser. Siempre ha sido un buen hombre: trabajador, voluntario, feligrese, animador. Pero al crecer, pens\u00e9 que necesitaba m\u00e1s de \u00e9l: m\u00e1s abrazos, m\u00e1s ternura, m\u00e1s sent\u00e9monos y hablemos sobre nuestros sentimientos. Estaba &hellip; <a href=\"https:\/\/www.biblia.work\/articulos\/lo-que-dice-el-padre-sobre-los-padres\/\" class=\"more-link\">Continuar leyendo<span class=\"screen-reader-text\"> \u00abLo que dice el padre sobre los padres\u00bb<\/span><\/a><\/p>\n","protected":false},"author":1,"featured_media":0,"comment_status":"","ping_status":"","sticky":false,"template":"","format":"standard","meta":{"footnotes":""},"categories":[1],"tags":[],"class_list":["post-28946","post","type-post","status-publish","format-standard","hentry","category-general"],"_links":{"self":[{"href":"https:\/\/www.biblia.work\/articulos\/wp-json\/wp\/v2\/posts\/28946","targetHints":{"allow":["GET"]}}],"collection":[{"href":"https:\/\/www.biblia.work\/articulos\/wp-json\/wp\/v2\/posts"}],"about":[{"href":"https:\/\/www.biblia.work\/articulos\/wp-json\/wp\/v2\/types\/post"}],"author":[{"embeddable":true,"href":"https:\/\/www.biblia.work\/articulos\/wp-json\/wp\/v2\/users\/1"}],"replies":[{"embeddable":true,"href":"https:\/\/www.biblia.work\/articulos\/wp-json\/wp\/v2\/comments?post=28946"}],"version-history":[{"count":0,"href":"https:\/\/www.biblia.work\/articulos\/wp-json\/wp\/v2\/posts\/28946\/revisions"}],"wp:attachment":[{"href":"https:\/\/www.biblia.work\/articulos\/wp-json\/wp\/v2\/media?parent=28946"}],"wp:term":[{"taxonomy":"category","embeddable":true,"href":"https:\/\/www.biblia.work\/articulos\/wp-json\/wp\/v2\/categories?post=28946"},{"taxonomy":"post_tag","embeddable":true,"href":"https:\/\/www.biblia.work\/articulos\/wp-json\/wp\/v2\/tags?post=28946"}],"curies":[{"name":"wp","href":"https:\/\/api.w.org\/{rel}","templated":true}]}}