{"id":28972,"date":"2022-07-29T22:39:37","date_gmt":"2022-07-30T03:39:37","guid":{"rendered":"https:\/\/www.biblia.work\/articulos\/navidad-tiempo-de-paz-y-tiempo-de-guerra\/"},"modified":"2022-07-29T22:39:37","modified_gmt":"2022-07-30T03:39:37","slug":"navidad-tiempo-de-paz-y-tiempo-de-guerra","status":"publish","type":"post","link":"https:\/\/www.biblia.work\/articulos\/navidad-tiempo-de-paz-y-tiempo-de-guerra\/","title":{"rendered":"Navidad: tiempo de paz (y tiempo de guerra)"},"content":{"rendered":"<p> \tHa entrado un escalofr\u00edo en el aire, las decoraciones han comenzado a ponerse rojas, verdes y plateadas, los campaneros aparecen frente a las tiendas, una m\u00fasica com\u00fan El tema se escucha en todo momento y la \u00abropa de moda\u00bb de temporada (tambi\u00e9n conocida como su\u00e9teres navide\u00f1os) est\u00e1 comenzando a reaparecer para la migraci\u00f3n anual de las bolas de naftalina.<\/p>\n<p> Esta transformaci\u00f3n casi mundial indica una cosa: el comienzo de una de las \u00abestaciones\u00bb m\u00e1s duras del a\u00f1o de una persona soltera, que son las vacaciones de Navidad (otra parece ser la \u00abtemporada de bodas\u00bb).<\/p>\n<p> Cuando miro hacia atr\u00e1s a las d\u00e9cadas de Navidades y a\u00f1os como soltero, hay Han sido muchos momentos memorables y significativos, m\u00e1s bendiciones de las que podr\u00eda esperar o imaginar. Sin embargo, a medida que pasan los a\u00f1os, la frecuencia de los per\u00edodos de soledad y soledad parece aumentar.<\/p>\n<p> Ahora que se acerca otra Navidad, debo tener cuidado de no permitirme caer en un \u201c\u00a1Ay de m\u00ed, mira! en lo que todos los dem\u00e1s est\u00e1n haciendo\u201d mentalidad y ceder a la tentaci\u00f3n de creer las mentiras del enemigo.<\/p>\n<p> Adem\u00e1s del brillo, las bromas entre extra\u00f1os, los intercambios de regalos y el verdadero significado de la temporada, esta \u00e9poca del a\u00f1o no es solo una batalla para que vivamos como solteros, sino que los eventos que nos rodean me recuerdan que hay una guerra m\u00e1s grande e intensa que comenz\u00f3 hace miles de a\u00f1os con respecto a este mismo evento que celebramos hoy.<\/p>\n<p> <em>Porque un ni\u00f1o nos es nacido, hijo nos es dado, y el principado estar\u00e1 sobre sus hombros. Y se llamar\u00e1 Admirable, Consejero, Dios Fuerte, Padre Eterno, Pr\u00edncipe de Paz<\/em> (Isa\u00edas 9:6).<\/p>\n<p> Esa primera Navidad marc\u00f3 el comienzo de dos facciones distintas que luchaban por la vida y alma de cada uno de los que segu\u00edan.<\/p>\n<p> <em>Vinieron unos magos del oriente a Jerusal\u00e9n y preguntaron: \u00ab\u00bfD\u00f3nde est\u00e1 el que ha nacido rey de los jud\u00edos? Vimos su estrella en el oriente y hemos venido a adorarlo\u00bb <\/em>(Mateo 2:1-2).<\/p>\n<p> Dependiendo del origen cultural de una persona, parece haber cierto desacuerdo sobre los nombres exactos y el origen de los \u00abReyes Magos\u00bb. .\u201d Sin embargo, lo que com\u00fanmente se acepta es que los Reyes Magos eran reyes, o al menos miembros de la realeza, que ven\u00edan a adorar y presentar regalos simb\u00f3licos de oro, mirra e incienso al Rey reci\u00e9n nacido. <\/p>\n<p>Al mismo tiempo, el enemigo ten\u00eda planes para eludir la situaci\u00f3n eliminando al ni\u00f1o Jes\u00fas.<\/p>\n<p> <em>Al o\u00edr esto, el rey Herodes se turb\u00f3, y toda Jerusal\u00e9n con \u00e9l. . Habiendo reunido a todos los principales sacerdotes y maestros de la ley del pueblo, les pregunt\u00f3 d\u00f3nde hab\u00eda de nacer el Cristo&#8230; \u201cPorque Herodes va a buscar al ni\u00f1o para matarlo\u201d<\/em> (Mateo 2:3-13).<\/p>\n<p> Habiendo sido advertidos en un sue\u00f1o de las intenciones del rey Herodes, los Magos regresaron a su pa\u00edses por una ruta diferente. Como no revelaron la ubicaci\u00f3n exacta de Jes\u00fas, Herodes mand\u00f3 matar a todos los ni\u00f1os menores de dos a\u00f1os en Bel\u00e9n y sus alrededores (Mateo 2).<\/p>\n<p> Aunque este evento familiar ocurri\u00f3 hace miles de a\u00f1os hace, la hostilidad hacia Jes\u00fas, Su nacimiento y todo lo que \u00c9l representa todav\u00eda se puede sentir en nuestra naci\u00f3n de manera real y tangible, especialmente durante este tiempo que celebramos.<\/p>\n<p> He querido creer en una Navidad donde el mundo , o al menos el pa\u00eds, se unir\u00eda de manera universal y unificada no solo para regocijarse por el nacimiento de Jes\u00fas, sino tambi\u00e9n para difundir un mensaje compasivo, generoso y positivo de la Buena Nueva. Sin embargo, por mucho que me gustar\u00eda tener fe en \u00abPaz en la Tierra\u00bb, no tengo que mirar muy lejos para ver que estamos llegando a un punto que es todo menos eso.<\/p>\n<p> Oriente Medio el conflicto contin\u00faa, el despectivo escenario pol\u00edtico ha dividido al pa\u00eds y las libertades religiosas han estado en peligro.<\/p>\n<p> El a\u00f1o pasado, la <em>Freedom from Religion Foundation<\/em>, una organizaci\u00f3n con sede en Wisconsin El grupo inici\u00f3 una campa\u00f1a para animar a sus 17.000 miembros a erigir exhibiciones \u201cantirreligiosas\u201d junto a belenes en propiedades p\u00fablicas. Un letrero proclamaba \u00abNo hay dioses, ni demonios, ni \u00e1ngeles, ni cielo ni infierno\u00bb y se coloc\u00f3 en el c\u00e9sped del juzgado de Athens, Texas.<\/p>\n<p> Este a\u00f1o, las protestas han continuado en una escala a\u00fan mayor. y formas m\u00e1s despectivas.<\/p>\n<p> <em>\u201cCuando la jueza del Tribunal de Distrito de los Estados Unidos, Audrey B. Collins, emiti\u00f3 un fallo de 28 p\u00e1ginas negando a mi cliente (un grupo de iglesias) el derecho a continuar una tradici\u00f3n de exhibir belenes a lo largo de Ocean Boulevard en la ciudad de Santa M\u00f3nica esta temporada navide\u00f1a, otra daga hundida en el coraz\u00f3n de las costumbres y tradiciones crepusculares de Estados Unidos. La burlada &#8216;guerra contra la Navidad&#8217; se perdi\u00f3 para siempre\u00bb, escribi\u00f3 William J. Becker, Jr., de The Becker Law Firm, en un art\u00edculo.<\/em> Time.com<\/p>\n<p> Con toda esta angustia que nos rodea este a\u00f1o me recuerda especialmente que no pierda el enfoque en \u00c9l preocup\u00e1ndome demasiado por m\u00ed mismo. Las peque\u00f1as batallas que enfrento cada d\u00eda no se comparan con la guerra que enfrentamos en el \u00e1mbito espiritual. Por Las palabras de Jes\u00fas mismo, \u00c9l proclama cu\u00e1l era Su prop\u00f3sito.<\/p>\n<p> <em>\u00bfCreen que vine a traer paz a la tierra? No, les digo, sino divisi\u00f3n <\/em>(Lucas 12:51 ).<\/p>\n<p> Aunque como creyentes, podemos seguir celebrando el nacimiento de nuestro Se\u00f1or y Salvador, acercarnos a otros de diversas maneras y compartir la raz\u00f3n por la que Dios vino a este mundo y la paz y la salvaci\u00f3n que uno puede reciben al aceptar a Jes\u00fas como su Se\u00f1or, debemos recordar que el cristianismo divide.<\/p>\n<p> <em>Porque he venido a poner &#8216;al hombre contra su padre, a la hija contra su madre, a la nuera contra su suegra\u2014&#8217;<\/em> (Mateo 10:35).<\/p>\n<p> Con esto en mente, el tiempo apremia. <\/p>\n<p> Personalmente, no puedo pasar otra Navidad preocup\u00e1ndome por \u00abpeque\u00f1as\u00bb cosas en mi vida cuando est\u00e1n sucediendo eventos m\u00e1s serios en el mundo.<\/p>\n<p> Esta temporada, cuando me encuentro un bel\u00e9n p\u00fablico, estar\u00e9 agradecido de que Jes\u00fas vino a este mundo para salvarme de mis pecados, me record\u00f3 la batalla del mundo real en la que estamos, alent\u00f3 a que el municipio no haya cedido a las rid\u00edculas demandas de unos pocos hastiados, record\u00e9 all\u00ed hay una guerra m\u00e1s grande adem\u00e1s de mis sentimientos personales, \u00abestado\u00bb o posesi\u00f3n, y orar por \u00abPaz en la Tierra\u00bb.<\/p>\n<p> Esta temporada es mucho m\u00e1s grande que yo, se trata de \u00c9l.<\/p>\n<p> p&gt; <\/p>\n<p> <strong>\u00a1Visita nuestra p\u00e1gina de Navidad en Facebook!<\/strong><\/p>\n<p> <em><strong>Cliff Young<\/strong> es un escritor colaborador de Sandlot Stories (ARose Books), as\u00ed como la columna mensual, \u00ab\u00c9l dijo-Ella dijo\u00bb, en el canal de solteros de Crosswalk.com. Arquitecto y ex trabajador juvenil, ahora trabaja con m\u00fasicos cristianos y asesora a varios ministerios cristianos. \u00bfTienes comentarios? Env\u00ede sus comentarios y preguntas a <strong>cydmg@yahoo.com<\/strong>.<\/em><\/p>\n<p> <em>Fecha de publicaci\u00f3n:<\/em> 6 de diciembre de 2012<\/p>\n","protected":false},"excerpt":{"rendered":"<p>Ha entrado un escalofr\u00edo en el aire, las decoraciones han comenzado a ponerse rojas, verdes y plateadas, los campaneros aparecen frente a las tiendas, una m\u00fasica com\u00fan El tema se escucha en todo momento y la \u00abropa de moda\u00bb de temporada (tambi\u00e9n conocida como su\u00e9teres navide\u00f1os) est\u00e1 comenzando a reaparecer para la migraci\u00f3n anual de &hellip; <a href=\"https:\/\/www.biblia.work\/articulos\/navidad-tiempo-de-paz-y-tiempo-de-guerra\/\" class=\"more-link\">Continuar leyendo<span class=\"screen-reader-text\"> \u00abNavidad: tiempo de paz (y tiempo de guerra)\u00bb<\/span><\/a><\/p>\n","protected":false},"author":1,"featured_media":0,"comment_status":"","ping_status":"","sticky":false,"template":"","format":"standard","meta":{"footnotes":""},"categories":[1],"tags":[],"class_list":["post-28972","post","type-post","status-publish","format-standard","hentry","category-general"],"_links":{"self":[{"href":"https:\/\/www.biblia.work\/articulos\/wp-json\/wp\/v2\/posts\/28972","targetHints":{"allow":["GET"]}}],"collection":[{"href":"https:\/\/www.biblia.work\/articulos\/wp-json\/wp\/v2\/posts"}],"about":[{"href":"https:\/\/www.biblia.work\/articulos\/wp-json\/wp\/v2\/types\/post"}],"author":[{"embeddable":true,"href":"https:\/\/www.biblia.work\/articulos\/wp-json\/wp\/v2\/users\/1"}],"replies":[{"embeddable":true,"href":"https:\/\/www.biblia.work\/articulos\/wp-json\/wp\/v2\/comments?post=28972"}],"version-history":[{"count":0,"href":"https:\/\/www.biblia.work\/articulos\/wp-json\/wp\/v2\/posts\/28972\/revisions"}],"wp:attachment":[{"href":"https:\/\/www.biblia.work\/articulos\/wp-json\/wp\/v2\/media?parent=28972"}],"wp:term":[{"taxonomy":"category","embeddable":true,"href":"https:\/\/www.biblia.work\/articulos\/wp-json\/wp\/v2\/categories?post=28972"},{"taxonomy":"post_tag","embeddable":true,"href":"https:\/\/www.biblia.work\/articulos\/wp-json\/wp\/v2\/tags?post=28972"}],"curies":[{"name":"wp","href":"https:\/\/api.w.org\/{rel}","templated":true}]}}