{"id":51997,"date":"2022-08-03T17:25:42","date_gmt":"2022-08-03T22:25:42","guid":{"rendered":"https:\/\/www.biblia.work\/articulos\/descubre-el-por-que-de-la-encarnacion\/"},"modified":"2022-08-03T17:25:42","modified_gmt":"2022-08-03T22:25:42","slug":"descubre-el-por-que-de-la-encarnacion","status":"publish","type":"post","link":"https:\/\/www.biblia.work\/articulos\/descubre-el-por-que-de-la-encarnacion\/","title":{"rendered":"Descubre el &#8220;Por qu\u00e9&#8221; de la Encarnaci\u00f3n"},"content":{"rendered":"<p><strong>Es una pregunta perfectamente l\u00f3gica para esta \u00e9poca del a\u00f1o.<\/strong><\/p>\n<p>La encarnaci\u00f3n de Jes\u00fas: Dios hecho carne en forma de beb\u00e9. St. John cubre esto bastante bien en el cap\u00edtulo 1 de su relato del evangelio.<\/p>\n<p><strong>Aqu\u00ed hay una pista<\/strong>: No ten\u00eda nada que ver con la Navidad. <em>\u00bfC\u00f3mo s\u00e9 eso?<\/em> Cuando naci\u00f3 Jes\u00fas, no se celebraban los cumplea\u00f1os. Sus padres ni siquiera usaron el calendario romano que usamos para declarar su cumplea\u00f1os el 25 de diciembre. Tal vez alguien escribi\u00f3 en alg\u00fan lugar el d\u00eda en que naci\u00f3 Jes\u00fas. Diablos, tenemos una posibilidad en 365 d\u00edas de que naciera ese d\u00eda. Pero considerando que usaron un calendario de 360 d\u00edas, es seguro decir que la Navidad no se trata realmente del nacimiento de Jes\u00fas.<\/p>\n<p><em>Entonces, enfoqu\u00e9monos en la encarnaci\u00f3n de Jes\u00fas el Cristo. Todas esas cosas de cumplea\u00f1os son solo una distracci\u00f3n de las cosas realmente buenas.<\/em><\/p>\n<p>La Navidad, desde una perspectiva de festividad religiosa, se trata de Jes\u00fas trayendo las Buenas Nuevas a la tierra.<\/p>\n<p>Estoy bastante seguro de que la encarnaci\u00f3n de Jes\u00fas no tiene nada que ver con celebrar su nacimiento d\u00e1ndose regalos financiados con deuda. Ups. Lo siento, \u00bf<em>demasiado personal? <\/em><\/p>\n<p>Y seguramente s\u00e9 que no tuvo nada que ver con poner una tonelada de los recursos de su iglesia en colocar decoraciones y organizar un concurso. Dios no tom\u00f3 carne como un evento de alcance. S\u00ed, <em>te estoy mirando.<\/em><\/p>\n<h2>La encarnaci\u00f3n, un repaso r\u00e1pido<\/h2>\n<ol>\n<li>Juan 1:12\u2014\u201c<em>A\u00fan falta a todos los que lo recibieron, a los que creen en su nombre, les dio potestad de ser hechos hijos de Dios.<\/em>\u201d [Seamos honestos, nos gusta m\u00e1s esta declaraci\u00f3n porque tiene que ver con nosotros. Est\u00e1 bien, es una buena noticia para nosotros. \u00a1Es una noticia incre\u00edble convertirse en un hijo de Dios!]<\/li>\n<li>Juan 1:9\u2014\u201c<em>La luz verdadera, que alumbra a todos, ven\u00eda al mundo.\u201d<\/em><\/li>\n<\/ol>\n<p><strong>La Buena Nueva de Jes\u00fas es personal.<\/strong> Soy evang\u00e9lico, \u00a1y vaya que me gusta eso! \u00a1Se trata de m\u00ed, cari\u00f1o!<\/p>\n<p><em>\u00bfO no? <\/em><\/p>\n<p><strong>Juan 1:9 es curiosamente inclusivo.<\/strong> Implica que no se trata solo de m\u00ed. Y no se trata solo de traer personas a la iglesia para que puedan ser expuestas al mensaje de Jes\u00fas.<\/p>\n<p>La encarnaci\u00f3n de Cristo incluye traer una Buena Nueva m\u00e1s general a la tierra. A todos. Y para aquellos de nosotros (incluido yo mismo) que vemos la encarnaci\u00f3n a trav\u00e9s de una lente evang\u00e9lica&#8230; esta idea confunde un poco con nuestra teolog\u00eda. Hablamos mucho sobre la salvaci\u00f3n personal y la aceptaci\u00f3n de Jes\u00fas en nuestro coraz\u00f3n. Pero Juan deja en claro que hay buenas noticias generales tra\u00eddas a todo el mundo a trav\u00e9s de la luz de Jes\u00fas.<\/p>\n<p><strong>Piense en la f\u00edsica de traer luz a una habitaci\u00f3n oscura por un segundo.<\/strong> Digamos que est\u00e1s en un cine oscuro. Est\u00e1 lleno de gente\u2026 mil de ellos. Y de repente, la pantalla se vuelve blanca pura.<\/p>\n<p><em>\u00bfA qui\u00e9n afecta esa luz blanca?<\/em> \u00bfSolo a las personas que eligieron ser afectadas por la luz? \u00a1Por supuesto que no! Todos los que estaban en tinieblas son afectados por la luz. La elecci\u00f3n personal no tiene nada que ver con eso. Todos en la habitaci\u00f3n estaban en la oscuridad y ahora est\u00e1n experimentando alg\u00fan tipo de los beneficios de la luz que brilla.<\/p>\n<p>Entonces, cuando pensamos en la encarnaci\u00f3n de Cristo, debemos pensar en \u00ab\u00bf<em>Qu\u00e9 significa \u00bfQuiere decir que Jes\u00fas trajo la luz a todo el mundo, pr\u00e1cticamente?<\/em>\u201d<\/p>\n<p>Es mucho para digerir. Y me apartar\u00e9, pidi\u00e9ndoles que reflexionen sobre estos dos pasajes que creo que mueven a los creyentes hacia la realidad de que Jes\u00fas nos pide que traigamos Buenas Nuevas a nuestro vecindario m\u00e1s de lo que nos pide que hagamos crecer nuestra iglesia. (Espec\u00edficamente, \u00e9l est\u00e1 esperando que las Buenas Nuevas fluyan a su vecindario a trav\u00e9s de usted).<\/p>\n<blockquote>\n<p><strong>Marcos 12:28-31\u2014<\/strong><em>\u201cUno de los maestros de vino la ley y los oy\u00f3 discutir. Al darse cuenta de que Jes\u00fas les hab\u00eda dado una buena respuesta, le pregunt\u00f3: \u201cDe todos los mandamientos, \u00bfcu\u00e1l es el m\u00e1s importante?\u201d<\/em><\/p>\n<p><em>\u201cEl m\u00e1s importante\u201d, respondi\u00f3 Jes\u00fas , \u201ces esto: &#8216;Escucha, oh Israel: El Se\u00f1or nuestro Dios, el Se\u00f1or uno es. Amar\u00e1s al Se\u00f1or tu Dios con todo tu coraz\u00f3n y con toda tu alma y con toda tu mente y con todas tus fuerzas&#8217;.<\/em> <em>La segunda es esta: &#8216;Ama a tu pr\u00f3jimo como a ti mismo&#8217;.<\/em> <em>No hay mandamiento mayor que estos.\u201d<\/em><\/p>\n<\/blockquote>\n<p>Me encanta c\u00f3mo los maestros de la ley le hacen preguntas singulares en Marcos 12 y \u00e9l les da dos respuestas. \u00a1Toma eso!<\/p>\n<blockquote>\n<p><strong>Efesios 5:8-12\u2014<\/strong><em>Porque en otro tiempo erais tinieblas, pero ahora sois luz en el Se\u00f1or. Vivan como hijos de la luz (porque el fruto de la luz consiste en toda bondad, justicia y verdad) y busquen lo que agrada al Se\u00f1or. No tengan nada que ver con las obras infructuosas de las tinieblas, sino m\u00e1s bien den\u00fancienlas. Es vergonzoso incluso mencionar lo que los desobedientes hacen en secreto. Pero todo lo expuesto por la luz se vuelve visible, y todo lo que se ilumina se convierte en luz. Por eso se dice:<\/em><\/p>\n<p><em>\u201cDespierta, t\u00fa que duermes,<br \/> lev\u00e1ntate de entre los muertos,<br \/> y te alumbrar\u00e1 Cristo.\u201d<\/em><\/p>\n<\/blockquote>\n<p>Me encanta c\u00f3mo Pablo dice: \u201c<em>T\u00fa eras una vez tinieblas<\/em>\u201d. No, \u201c<em>Estuviste una vez en la oscuridad.<\/em>\u201d No, las cosas estaban oscuras debido a ti. Todos estamos en el mismo barco all\u00ed. esto &hellip; <\/p>\n","protected":false},"excerpt":{"rendered":"<p>Es una pregunta perfectamente l\u00f3gica para esta \u00e9poca del a\u00f1o. La encarnaci\u00f3n de Jes\u00fas: Dios hecho carne en forma de beb\u00e9. St. John cubre esto bastante bien en el cap\u00edtulo 1 de su relato del evangelio. Aqu\u00ed hay una pista: No ten\u00eda nada que ver con la Navidad. \u00bfC\u00f3mo s\u00e9 eso? Cuando naci\u00f3 Jes\u00fas, no &hellip; <a href=\"https:\/\/www.biblia.work\/articulos\/descubre-el-por-que-de-la-encarnacion\/\" class=\"more-link\">Continuar leyendo<span class=\"screen-reader-text\"> \u00abDescubre el &#8220;Por qu\u00e9&#8221; de la Encarnaci\u00f3n\u00bb<\/span><\/a><\/p>\n","protected":false},"author":1,"featured_media":0,"comment_status":"","ping_status":"","sticky":false,"template":"","format":"standard","meta":{"footnotes":""},"categories":[1],"tags":[],"class_list":["post-51997","post","type-post","status-publish","format-standard","hentry","category-general"],"_links":{"self":[{"href":"https:\/\/www.biblia.work\/articulos\/wp-json\/wp\/v2\/posts\/51997","targetHints":{"allow":["GET"]}}],"collection":[{"href":"https:\/\/www.biblia.work\/articulos\/wp-json\/wp\/v2\/posts"}],"about":[{"href":"https:\/\/www.biblia.work\/articulos\/wp-json\/wp\/v2\/types\/post"}],"author":[{"embeddable":true,"href":"https:\/\/www.biblia.work\/articulos\/wp-json\/wp\/v2\/users\/1"}],"replies":[{"embeddable":true,"href":"https:\/\/www.biblia.work\/articulos\/wp-json\/wp\/v2\/comments?post=51997"}],"version-history":[{"count":0,"href":"https:\/\/www.biblia.work\/articulos\/wp-json\/wp\/v2\/posts\/51997\/revisions"}],"wp:attachment":[{"href":"https:\/\/www.biblia.work\/articulos\/wp-json\/wp\/v2\/media?parent=51997"}],"wp:term":[{"taxonomy":"category","embeddable":true,"href":"https:\/\/www.biblia.work\/articulos\/wp-json\/wp\/v2\/categories?post=51997"},{"taxonomy":"post_tag","embeddable":true,"href":"https:\/\/www.biblia.work\/articulos\/wp-json\/wp\/v2\/tags?post=51997"}],"curies":[{"name":"wp","href":"https:\/\/api.w.org\/{rel}","templated":true}]}}