{"id":52040,"date":"2022-08-03T17:27:35","date_gmt":"2022-08-03T22:27:35","guid":{"rendered":"https:\/\/www.biblia.work\/articulos\/por-que-deberia-seguir-preocupandose-por-ferguson-a-pesar-de-los-hechos\/"},"modified":"2022-08-03T17:27:35","modified_gmt":"2022-08-03T22:27:35","slug":"por-que-deberia-seguir-preocupandose-por-ferguson-a-pesar-de-los-hechos","status":"publish","type":"post","link":"https:\/\/www.biblia.work\/articulos\/por-que-deberia-seguir-preocupandose-por-ferguson-a-pesar-de-los-hechos\/","title":{"rendered":"Por qu\u00e9 deber\u00eda seguir preocup\u00e1ndose por Ferguson A PESAR de los hechos"},"content":{"rendered":"<p>Independientemente de lo que signifique la decisi\u00f3n del gran jurado o de lo que digan los hechos, a\u00fan deber\u00edamos preocuparnos por la gente de Ferguson.<\/p>\n<p>El gran jurado en Ferguson, Mo., ha decidido no acusar al oficial de polic\u00eda Darren Wilson tras la muerte de Michael Brown. Anoche, despu\u00e9s del anuncio del gran jurado, las protestas pac\u00edficas se convirtieron r\u00e1pidamente en violencia, incendios y saqueos.<\/p>\n<p>Me rompe el coraz\u00f3n verlo.<\/p>\n<p>Como la familia de Michael Brown y el presidente de los Estados Unidos piden paz y cambio, esto es lo que vemos. Sin embargo, es importante tener en cuenta que esto no significa que la mayor\u00eda de los afroamericanos est\u00e9n involucrados en el saqueo. En absoluto.<\/p>\n<p>Sin embargo, el saqueo en s\u00ed es repugnante en m\u00e1s de un sentido. Har\u00e1 que muchos pierdan propiedades y algunos pueden perder la vida. Sin embargo, tambi\u00e9n puede hacer que muchos digan: \u00abMira, esto es lo que sucede con esas personas\u00bb.<\/p>\n<p>A\u00fan m\u00e1s, debemos tener cuidado con nuestra discusi\u00f3n de \u00abhechos\u00bb. Bryan Loritts dice: \u201cLos hechos son el primer y \u00faltimo recurso en un tribunal de justicia, pero cuando se trata de relaciones humanas, primero deteng\u00e1monos y sintamos antes de pasar a los hechos\u201d.<\/p>\n<p> Por favor, no ser una de esas personas que ignoran el dolor. Usted no har\u00eda eso en sus relaciones interpersonales, as\u00ed que no lo haga en nuestra conversaci\u00f3n nacional.<\/p>\n<p>El punto no es ignorar o devaluar los hechos en una instancia espec\u00edfica, sino reconocer que, en todas las relaciones, hay otras cuestiones a considerar.<\/p>\n<p>Cada persona sensata que conozco condena los disturbios, y toda persona sensata tambi\u00e9n deber\u00eda aprender de toda esta situaci\u00f3n. El oficial Wilson no fue acusado. Est\u00e1 hecho. Los hechos han estado en disputa, pero ahora un gran jurado mestizo los ha escuchado y han tomado su decisi\u00f3n. Entonces, parte de este momento ha terminado. Pero no todo ha terminado.<\/p>\n<p>Mi exhortaci\u00f3n es la de mis varios l\u00edderes afroamericanos a los que ped\u00ed compartir en mi &#8220;Es hora de escuchar&#8221; serie en agosto. Escuche las voces de estos l\u00edderes afroamericanos evang\u00e9licos, piadosos y amantes de las Escrituras.<\/p>\n<p>El pastor Bryan Loritts escribe:<\/p>\n<blockquote>\n<p>A lo largo de los a\u00f1os, mis hermanos blancos me han desafiado y hermanas para simplemente &#8220;superar&#8221; este. Su negativa a intentar ver las cosas desde mi perspectiva \u00e9tnicamente diferente es una forma sutil y punzante de racismo. Lo que es m\u00e1s, impide la verdadera unidad cristiana y el compa\u00f1erismo dentro del amado cuerpo de Cristo.<\/p>\n<p>Nunca experimentaremos la verdadera unidad cristiana cuando una etnia exige de otra que guardemos silencio sobre nuestro dolor y nuestras tribulaciones. El camino a seguir no es apelar a los hechos como primer recurso. M\u00e1s bien, deber\u00edamos intentar meternos en la piel de los dem\u00e1s lo mejor que podamos para sentir lo que sienten y entenderlo. Las tragedias como la de Ferguson son como resonancias magn\u00e9ticas que revelan el dolor que a\u00fan persiste. El abismo que existe entre las etnias solo se puede atravesar si dejamos atr\u00e1s los hechos y nos adentramos en los sentimientos.<\/p>\n<p>Si percibe la exasperaci\u00f3n de nosotros, los afroamericanos, por otra noticia sobre un hombre negro asesinado a manos de un hombre blanco, esta es una maravillosa oportunidad para tomar un caf\u00e9 y tratar de entender nuestros corazones. Necesito que mis hermanos blancos sepan c\u00f3mo me sent\u00ed cuando me sent\u00e9 en las clases de predicaci\u00f3n en la universidad b\u00edblica y el seminario sin escuchar ni una sola vez ejemplos de grandes predicadores afroamericanos. Necesito que sepas c\u00f3mo me sent\u00ed cuando me forzaron boca abajo sobre el duro asfalto de Crenshaw Boulevard en Los \u00c1ngeles, todo porque ten\u00eda diecinueve a\u00f1os y conduc\u00eda el Lexus de mi pastor, un a\u00f1o despu\u00e9s de los disturbios de Rodney King en 1993. Necesito que me pregunte c\u00f3mo me sent\u00ed cuando entr\u00e9 recientemente en un Target detr\u00e1s de una mujer blanca que me mir\u00f3 y tir\u00f3 de su bolso con fuerza.<\/p>\n<\/blockquote>\n<p>El pastor Philip Fletcher comparte sus pensamientos como bien:<\/p>\n<blockquote>\n<p>Los eventos en Ferguson\u2014incluyendo la muerte de Michael Brown, disturbios, fuerza excesiva y agitaci\u00f3n externa\u2014nos recuerdan la realidad del pecado y sus efectos. Mientras contin\u00faan surgiendo detalles y un gran jurado comienza a reunirse para examinar la evidencia, tenemos que dar un paso atr\u00e1s y afligirnos. No puedo comprender el dolor y la frustraci\u00f3n que experimenta la familia Brown porque un hijo y un heredero ya no se sentar\u00e1n a la mesa, hablar\u00e1n sobre su primer a\u00f1o de universidad ni tendr\u00e1n hijos.<\/p>\n<p>Este es el miedo y el efecto del pecado que toda familia debe afrontar en las distintas etapas de la vida. Ninguno de nosotros est\u00e1 exento. Tenemos que llorar porque debemos abordar una vez m\u00e1s el racismo en reacci\u00f3n a un evento. Sinceramente, estoy frustrado de que la muerte de este joven afroamericano a manos de las fuerzas del orden parezca ser el \u00fanico \u00edmpetu para esta discusi\u00f3n sobre c\u00f3mo abordar los problemas raciales. Personalmente, lucho con el hecho de que, despu\u00e9s de a\u00f1os de buscar promover la relevancia del Evangelio en temas de justicia social en mi propio ministerio, se necesita la muerte de otro joven para que los evang\u00e9licos hablen, tuiteen y escriban.<\/p>\n<p>\u00bfPor qu\u00e9?<\/p>\n<p>\u00bfEn qu\u00e9 se diferencia esta muerte de la de Trayvon Martin, Francisco Trujillo o los cientos de j\u00f3venes afroamericanos que mueren cada semana a causa de la violencia? Debemos afligirnos porque esta discusi\u00f3n sobre la raza tiende a dividir a hombres y mujeres, revelando la idolatr\u00eda de nuestras propias distinciones \u00e9tnicas. El racismo no es un pecado espec\u00edfico de los cauc\u00e1sicos.<\/p>\n<\/blockquote>\n<p>Finalmente, la afroamericana y ex oficial de polic\u00eda Stacy Hilliard habla sobre la perspectiva y describe un posible camino a seguir:<\/p>\n<blockquote>\n<p> El problema es que cada parte de m\u00ed crea una perspectiva diferente. Comunidades como Ferguson tienen problemas cuando no pueden entender c\u00f3mo cada grupo de personas (oficiales de polic\u00eda y afroamericanos) ven eventos como este de manera diferente.<\/p>\n<p>Si bien el racismo existe entre los oficiales de polic\u00eda, no creo que sea la fuerza impulsora detr\u00e1s de estos tr\u00e1gicos tiroteos. La fuerza impulsora detr\u00e1s de estos incidentes no es el racismo, \u00a1es la perspectiva! Las diversas perspectivas en el coraz\u00f3n de esta tragedia se basan, en gran parte, en percepciones falsas.<\/p>\n<p>Demasiados encuentros entre hombres j\u00f3venes afroamericanos y agentes de la ley blancos tienen sus ra\u00edces en percepciones falsas que han creado una perspectiva malsana de ambos lados. Creo que gran parte de esto se debe a conversaciones que estaban destinadas a servir como soluciones centradas en el punto focal equivocado: la raza.<\/p>\n<\/blockquote>\n<p>Mi esperanza es que a medida que avanzamos en la temporada navide\u00f1a, Comenzando con el D\u00eda de Acci\u00f3n de Gracias a finales de esta semana, tomaremos un momento con nuestros amigos y familiares para orar por la gente de Ferguson, Missouri, y las personas de todo el pa\u00eds que se sienten oprimidas y tratadas injustamente. Que podamos amarlos con el amor sacrificial e incondicional de Jes\u00fas. esto &hellip; <\/p>\n","protected":false},"excerpt":{"rendered":"<p>Independientemente de lo que signifique la decisi\u00f3n del gran jurado o de lo que digan los hechos, a\u00fan deber\u00edamos preocuparnos por la gente de Ferguson. El gran jurado en Ferguson, Mo., ha decidido no acusar al oficial de polic\u00eda Darren Wilson tras la muerte de Michael Brown. Anoche, despu\u00e9s del anuncio del gran jurado, las &hellip; <a href=\"https:\/\/www.biblia.work\/articulos\/por-que-deberia-seguir-preocupandose-por-ferguson-a-pesar-de-los-hechos\/\" class=\"more-link\">Continuar leyendo<span class=\"screen-reader-text\"> \u00abPor qu\u00e9 deber\u00eda seguir preocup\u00e1ndose por Ferguson A PESAR de los hechos\u00bb<\/span><\/a><\/p>\n","protected":false},"author":1,"featured_media":0,"comment_status":"","ping_status":"","sticky":false,"template":"","format":"standard","meta":{"footnotes":""},"categories":[1],"tags":[],"class_list":["post-52040","post","type-post","status-publish","format-standard","hentry","category-general"],"_links":{"self":[{"href":"https:\/\/www.biblia.work\/articulos\/wp-json\/wp\/v2\/posts\/52040","targetHints":{"allow":["GET"]}}],"collection":[{"href":"https:\/\/www.biblia.work\/articulos\/wp-json\/wp\/v2\/posts"}],"about":[{"href":"https:\/\/www.biblia.work\/articulos\/wp-json\/wp\/v2\/types\/post"}],"author":[{"embeddable":true,"href":"https:\/\/www.biblia.work\/articulos\/wp-json\/wp\/v2\/users\/1"}],"replies":[{"embeddable":true,"href":"https:\/\/www.biblia.work\/articulos\/wp-json\/wp\/v2\/comments?post=52040"}],"version-history":[{"count":0,"href":"https:\/\/www.biblia.work\/articulos\/wp-json\/wp\/v2\/posts\/52040\/revisions"}],"wp:attachment":[{"href":"https:\/\/www.biblia.work\/articulos\/wp-json\/wp\/v2\/media?parent=52040"}],"wp:term":[{"taxonomy":"category","embeddable":true,"href":"https:\/\/www.biblia.work\/articulos\/wp-json\/wp\/v2\/categories?post=52040"},{"taxonomy":"post_tag","embeddable":true,"href":"https:\/\/www.biblia.work\/articulos\/wp-json\/wp\/v2\/tags?post=52040"}],"curies":[{"name":"wp","href":"https:\/\/api.w.org\/{rel}","templated":true}]}}