{"id":54565,"date":"2022-08-03T19:52:44","date_gmt":"2022-08-04T00:52:44","guid":{"rendered":"https:\/\/www.biblia.work\/articulos\/hombre-ataca-a-miembros-de-coro-en-iglesia-de-nuevo-mexico\/"},"modified":"2022-08-03T19:52:44","modified_gmt":"2022-08-04T00:52:44","slug":"hombre-ataca-a-miembros-de-coro-en-iglesia-de-nuevo-mexico","status":"publish","type":"post","link":"https:\/\/www.biblia.work\/articulos\/hombre-ataca-a-miembros-de-coro-en-iglesia-de-nuevo-mexico\/","title":{"rendered":"Hombre ataca a miembros de coro en iglesia de Nuevo M\u00e9xico"},"content":{"rendered":"<p>Un informe de CNN cont\u00f3 sobre un ataque que tuvo lugar el fin de semana pasado en la iglesia cat\u00f3lica St. Jude Thaddeus de 3.000 miembros en Albuquerque, Nuevo M\u00e9xico, en la que un miembro de 24 a\u00f1os -anciano se abalanz\u00f3 sobre el coro cuando finalizaban el servicio y apu\u00f1al\u00f3 a cuatro de sus integrantes. Algunos fueron apu\u00f1alados varias veces antes de que los feligreses pudieran tirar al suelo al sospechoso y retenerlo hasta que llegara la polic\u00eda.<\/p>\n<p>El sospechoso, Lawrence Capener, aparentemente estaba gritando: &#8220;\u00a1Falso predicador!&#8221; mientras atacaba al coro. Un miembro del coro, Brenda King, describi\u00f3 al hombre como &#8220;joven&#8221; con &#8220;una mirada muy aterradora en sus ojos&mdash; furia, ira, odio &#8230; ten\u00eda un cuchillo y estaba atacando a nuestro solista, y nuestro flautista trat\u00f3 de protegerlo y tambi\u00e9n fue apu\u00f1alado.&#8221;<\/p>\n<p>La polic\u00eda local no supo al principio qu\u00e9 provoc\u00f3 el ataque, pero St. Jude Thaddeus&amp; #8217; El pastor, el reverendo John Daniel, dijo que la madre de Capener era &#8220;muy activa&#8221; en la parroquia, sirviendo como ministro eucar\u00edstico. Seg\u00fan Fox News, fue acusado de tres cargos de agresi\u00f3n agravada y retenido con una fianza de $75,000. Ninguna de las lesiones puso en peligro la vida y se espera que todas las v\u00edctimas se recuperen.<\/p>\n<p>El arzobispo de Santa Fe, Michael Sheehan, dijo que estaba entristecido por el ataque.&nbsp;&#8220;Esta es la primera vez en mi 30 a\u00f1os sirviendo como arzobispo en la Arquidi\u00f3cesis de Santa Fe y como obispo de Lubbock, que algo as\u00ed haya ocurrido,&#8221; dijo Sheehan. &#8220;Oro por todos los que han sido lastimados, sus familias, los feligreses y que nada como esto vuelva a suceder.&#8221;<\/p>\n<p><\/p>\n","protected":false},"excerpt":{"rendered":"<p>Un informe de CNN cont\u00f3 sobre un ataque que tuvo lugar el fin de semana pasado en la iglesia cat\u00f3lica St. Jude Thaddeus de 3.000 miembros en Albuquerque, Nuevo M\u00e9xico, en la que un miembro de 24 a\u00f1os -anciano se abalanz\u00f3 sobre el coro cuando finalizaban el servicio y apu\u00f1al\u00f3 a cuatro de sus integrantes. &hellip; <a href=\"https:\/\/www.biblia.work\/articulos\/hombre-ataca-a-miembros-de-coro-en-iglesia-de-nuevo-mexico\/\" class=\"more-link\">Continuar leyendo<span class=\"screen-reader-text\"> \u00abHombre ataca a miembros de coro en iglesia de Nuevo M\u00e9xico\u00bb<\/span><\/a><\/p>\n","protected":false},"author":1,"featured_media":0,"comment_status":"","ping_status":"","sticky":false,"template":"","format":"standard","meta":{"footnotes":""},"categories":[1],"tags":[],"class_list":["post-54565","post","type-post","status-publish","format-standard","hentry","category-general"],"_links":{"self":[{"href":"https:\/\/www.biblia.work\/articulos\/wp-json\/wp\/v2\/posts\/54565","targetHints":{"allow":["GET"]}}],"collection":[{"href":"https:\/\/www.biblia.work\/articulos\/wp-json\/wp\/v2\/posts"}],"about":[{"href":"https:\/\/www.biblia.work\/articulos\/wp-json\/wp\/v2\/types\/post"}],"author":[{"embeddable":true,"href":"https:\/\/www.biblia.work\/articulos\/wp-json\/wp\/v2\/users\/1"}],"replies":[{"embeddable":true,"href":"https:\/\/www.biblia.work\/articulos\/wp-json\/wp\/v2\/comments?post=54565"}],"version-history":[{"count":0,"href":"https:\/\/www.biblia.work\/articulos\/wp-json\/wp\/v2\/posts\/54565\/revisions"}],"wp:attachment":[{"href":"https:\/\/www.biblia.work\/articulos\/wp-json\/wp\/v2\/media?parent=54565"}],"wp:term":[{"taxonomy":"category","embeddable":true,"href":"https:\/\/www.biblia.work\/articulos\/wp-json\/wp\/v2\/categories?post=54565"},{"taxonomy":"post_tag","embeddable":true,"href":"https:\/\/www.biblia.work\/articulos\/wp-json\/wp\/v2\/tags?post=54565"}],"curies":[{"name":"wp","href":"https:\/\/api.w.org\/{rel}","templated":true}]}}