{"id":54665,"date":"2022-08-03T19:59:26","date_gmt":"2022-08-04T00:59:26","guid":{"rendered":"https:\/\/www.biblia.work\/articulos\/la-iglesia-saddleback-establece-un-fondo-matthew-warren-para-enfermedades-mentales\/"},"modified":"2022-08-03T19:59:26","modified_gmt":"2022-08-04T00:59:26","slug":"la-iglesia-saddleback-establece-un-fondo-matthew-warren-para-enfermedades-mentales","status":"publish","type":"post","link":"https:\/\/www.biblia.work\/articulos\/la-iglesia-saddleback-establece-un-fondo-matthew-warren-para-enfermedades-mentales\/","title":{"rendered":"La Iglesia Saddleback establece un fondo Matthew Warren para enfermedades mentales"},"content":{"rendered":"<p>A ra\u00edz de la tr\u00e1gica muerte del hijo del pastor Rick Warren, Matthew, la Iglesia Saddleback ha establecido un fondo para el beneficio de aquellos que luchan con enfermedad mental. Llamado Fondo Matthew Warren para la Salud Mental, esta oportunidad de donaci\u00f3n est\u00e1 disponible en el sitio web de la Iglesia Saddleback.<\/p>\n<p>Warren dijo que la familia realizar\u00e1 un peque\u00f1o servicio privado para Matthew, diciendo que ning\u00fan edificio local ser\u00eda lo suficientemente grande para celebrar un servicio abierto. <em>USA Today<\/em> dijo que aunque se han enviado muchas notas y deseos alentadores a los Warren, las redes sociales no han sido del todo amables con \u00e9l, aprovechando la oportunidad para criticar su postura sobre el matrimonio entre personas del mismo sexo y su estilo de pr\u00e9dica. <\/p>\n<p>Warren ha descrito a su hijo como un &#8220;hombre amable, gentil y compasivo&#8221; con un &#8220;intelecto brillante&#8221; que era sensible a las necesidades de los dem\u00e1s.<\/p>\n","protected":false},"excerpt":{"rendered":"<p>A ra\u00edz de la tr\u00e1gica muerte del hijo del pastor Rick Warren, Matthew, la Iglesia Saddleback ha establecido un fondo para el beneficio de aquellos que luchan con enfermedad mental. Llamado Fondo Matthew Warren para la Salud Mental, esta oportunidad de donaci\u00f3n est\u00e1 disponible en el sitio web de la Iglesia Saddleback. Warren dijo que &hellip; <a href=\"https:\/\/www.biblia.work\/articulos\/la-iglesia-saddleback-establece-un-fondo-matthew-warren-para-enfermedades-mentales\/\" class=\"more-link\">Continuar leyendo<span class=\"screen-reader-text\"> \u00abLa Iglesia Saddleback establece un fondo Matthew Warren para enfermedades mentales\u00bb<\/span><\/a><\/p>\n","protected":false},"author":1,"featured_media":0,"comment_status":"","ping_status":"","sticky":false,"template":"","format":"standard","meta":{"footnotes":""},"categories":[1],"tags":[],"class_list":["post-54665","post","type-post","status-publish","format-standard","hentry","category-general"],"_links":{"self":[{"href":"https:\/\/www.biblia.work\/articulos\/wp-json\/wp\/v2\/posts\/54665","targetHints":{"allow":["GET"]}}],"collection":[{"href":"https:\/\/www.biblia.work\/articulos\/wp-json\/wp\/v2\/posts"}],"about":[{"href":"https:\/\/www.biblia.work\/articulos\/wp-json\/wp\/v2\/types\/post"}],"author":[{"embeddable":true,"href":"https:\/\/www.biblia.work\/articulos\/wp-json\/wp\/v2\/users\/1"}],"replies":[{"embeddable":true,"href":"https:\/\/www.biblia.work\/articulos\/wp-json\/wp\/v2\/comments?post=54665"}],"version-history":[{"count":0,"href":"https:\/\/www.biblia.work\/articulos\/wp-json\/wp\/v2\/posts\/54665\/revisions"}],"wp:attachment":[{"href":"https:\/\/www.biblia.work\/articulos\/wp-json\/wp\/v2\/media?parent=54665"}],"wp:term":[{"taxonomy":"category","embeddable":true,"href":"https:\/\/www.biblia.work\/articulos\/wp-json\/wp\/v2\/categories?post=54665"},{"taxonomy":"post_tag","embeddable":true,"href":"https:\/\/www.biblia.work\/articulos\/wp-json\/wp\/v2\/tags?post=54665"}],"curies":[{"name":"wp","href":"https:\/\/api.w.org\/{rel}","templated":true}]}}