{"id":54684,"date":"2022-08-03T20:00:43","date_gmt":"2022-08-04T01:00:43","guid":{"rendered":"https:\/\/www.biblia.work\/articulos\/el-hijo-de-rick-warren-matthew-de-27-anos-se-suicida\/"},"modified":"2022-08-03T20:00:43","modified_gmt":"2022-08-04T01:00:43","slug":"el-hijo-de-rick-warren-matthew-de-27-anos-se-suicida","status":"publish","type":"post","link":"https:\/\/www.biblia.work\/articulos\/el-hijo-de-rick-warren-matthew-de-27-anos-se-suicida\/","title":{"rendered":"El hijo de Rick Warren, Matthew, de 27 a\u00f1os, se suicida"},"content":{"rendered":"<p><em>NBC News<\/em> inform\u00f3 que Rick Warren, pastor de la iglesia Saddleback en Lake Forest, California, escribi\u00f3 en una carta a su congregaci\u00f3n el s\u00e1bado que su hijo menor se hab\u00eda suicidado el d\u00eda anterior. Matthew Warren, de 27 a\u00f1os, sufri\u00f3 una batalla de por vida contra una enfermedad mental que inclu\u00eda depresi\u00f3n y pensamientos suicidas. Matthew se quit\u00f3 la vida en su casa en Mission Viejo el viernes por la ma\u00f1ana.<\/p>\n<p>Warren escribi\u00f3 en una carta a su iglesia que su hijo era &nbsp;&ldquo;un hombre incre\u00edblemente amable, gentil y compasivo&rdquo;<\/p>\n<p>&ldquo;Ninguna palabra puede expresar el dolor angustioso que sentimos en este momento&rdquo; Warren escribi\u00f3. \u201cTen\u00eda un intelecto brillante y un don para sentir qui\u00e9n estaba m\u00e1s dolorido o m\u00e1s inc\u00f3modo en una habitaci\u00f3n. Luego se dirigir\u00eda directamente a esa persona para involucrarla y alentarla\u00bb.<\/p>\n<p><em>The Washington Post<\/em> escribi\u00f3 que Matthew le dijo a su padre hace a\u00f1os que &#8220;despu\u00e9s otro enfoque no le hab\u00eda dado alivio, Matthew dijo &lsquo;Pap\u00e1, s\u00e9 que voy al cielo. \u00bfPor qu\u00e9 no puedo simplemente morir y acabar con este dolor?\u00bb ,&rdquo; Warren continu\u00f3 en su carta a los miembros de la iglesia. \u00abHoy, despu\u00e9s de una noche divertida con Kay y conmigo, en una ola moment\u00e1nea de desesperaci\u00f3n en su casa, se quit\u00f3 la vida\u00bb.<\/p>\n<p>\u00danase al personal de ChurchLeaders en oraci\u00f3n por Dios. 8217;s fuerza y misericordia para la familia Warren.<\/p>\n","protected":false},"excerpt":{"rendered":"<p>NBC News inform\u00f3 que Rick Warren, pastor de la iglesia Saddleback en Lake Forest, California, escribi\u00f3 en una carta a su congregaci\u00f3n el s\u00e1bado que su hijo menor se hab\u00eda suicidado el d\u00eda anterior. Matthew Warren, de 27 a\u00f1os, sufri\u00f3 una batalla de por vida contra una enfermedad mental que inclu\u00eda depresi\u00f3n y pensamientos suicidas. &hellip; <a href=\"https:\/\/www.biblia.work\/articulos\/el-hijo-de-rick-warren-matthew-de-27-anos-se-suicida\/\" class=\"more-link\">Continuar leyendo<span class=\"screen-reader-text\"> \u00abEl hijo de Rick Warren, Matthew, de 27 a\u00f1os, se suicida\u00bb<\/span><\/a><\/p>\n","protected":false},"author":1,"featured_media":0,"comment_status":"","ping_status":"","sticky":false,"template":"","format":"standard","meta":{"footnotes":""},"categories":[1],"tags":[],"class_list":["post-54684","post","type-post","status-publish","format-standard","hentry","category-general"],"_links":{"self":[{"href":"https:\/\/www.biblia.work\/articulos\/wp-json\/wp\/v2\/posts\/54684","targetHints":{"allow":["GET"]}}],"collection":[{"href":"https:\/\/www.biblia.work\/articulos\/wp-json\/wp\/v2\/posts"}],"about":[{"href":"https:\/\/www.biblia.work\/articulos\/wp-json\/wp\/v2\/types\/post"}],"author":[{"embeddable":true,"href":"https:\/\/www.biblia.work\/articulos\/wp-json\/wp\/v2\/users\/1"}],"replies":[{"embeddable":true,"href":"https:\/\/www.biblia.work\/articulos\/wp-json\/wp\/v2\/comments?post=54684"}],"version-history":[{"count":0,"href":"https:\/\/www.biblia.work\/articulos\/wp-json\/wp\/v2\/posts\/54684\/revisions"}],"wp:attachment":[{"href":"https:\/\/www.biblia.work\/articulos\/wp-json\/wp\/v2\/media?parent=54684"}],"wp:term":[{"taxonomy":"category","embeddable":true,"href":"https:\/\/www.biblia.work\/articulos\/wp-json\/wp\/v2\/categories?post=54684"},{"taxonomy":"post_tag","embeddable":true,"href":"https:\/\/www.biblia.work\/articulos\/wp-json\/wp\/v2\/tags?post=54684"}],"curies":[{"name":"wp","href":"https:\/\/api.w.org\/{rel}","templated":true}]}}