{"id":54688,"date":"2022-08-03T20:00:59","date_gmt":"2022-08-04T01:00:59","guid":{"rendered":"https:\/\/www.biblia.work\/articulos\/retrato-de-jesus-retirado-de-escuela-de-ohio-debido-a-amenazas-legales\/"},"modified":"2022-08-03T20:00:59","modified_gmt":"2022-08-04T01:00:59","slug":"retrato-de-jesus-retirado-de-escuela-de-ohio-debido-a-amenazas-legales","status":"publish","type":"post","link":"https:\/\/www.biblia.work\/articulos\/retrato-de-jesus-retirado-de-escuela-de-ohio-debido-a-amenazas-legales\/","title":{"rendered":"Retrato de Jes\u00fas retirado de escuela de Ohio debido a amenazas legales"},"content":{"rendered":"<p>Una escuela secundaria p\u00fablica de Ohio retir\u00f3 un retrato de Jes\u00fas de larga data de su pasillo esta semana debido a amenazas de juicio de la Uni\u00f3n Americana de Libertades Civiles y la Fundaci\u00f3n Libertad de Religi\u00f3n en nombre de un estudiante y dos padres. El superintendente de las escuelas de la ciudad de Jackson orden\u00f3 a un club de estudiantes cristianos que retirara el retrato cuando la compa\u00f1\u00eda de seguros del distrito se neg\u00f3 a cubrir los gastos de litigio de la demanda.<\/p>\n<p>El retrato de Jes\u00fas hab\u00eda sido exhibido en un pared en la escuela desde 1947 junto con fotos de docenas de destacados alumnos y dignatarios locales.<\/p>\n<p>&#8220;Al final del d\u00eda, simplemente no pod\u00edamos tirar los dados con el dinero de los contribuyentes, &#8221; dijo Phil Howard, superintendente. \u201cCuando te involucras en este tipo de batallas legales, no est\u00e1s hablando de dinero que puedes recaudar con ventas de pasteles y lavados de autos. No es justo quitarles esos recursos a nuestros hijos. educaci\u00f3n.<\/p>\n<p>La ACLU declar\u00f3 que retirar\u00eda la demanda si se retiraba el retrato. Hiram Sasser, abogado del Liberty Institute que ayud\u00f3 a defender la escuela, dijo el mi\u00e9rcoles que el&nbsp;club de estudiantes cristianos&nbsp;podr\u00eda presentar su propia demanda por el derecho a exhibir el retrato, pero no conoc\u00eda sus planes.<\/p><\/p>\n","protected":false},"excerpt":{"rendered":"<p>Una escuela secundaria p\u00fablica de Ohio retir\u00f3 un retrato de Jes\u00fas de larga data de su pasillo esta semana debido a amenazas de juicio de la Uni\u00f3n Americana de Libertades Civiles y la Fundaci\u00f3n Libertad de Religi\u00f3n en nombre de un estudiante y dos padres. El superintendente de las escuelas de la ciudad de Jackson &hellip; <a href=\"https:\/\/www.biblia.work\/articulos\/retrato-de-jesus-retirado-de-escuela-de-ohio-debido-a-amenazas-legales\/\" class=\"more-link\">Continuar leyendo<span class=\"screen-reader-text\"> \u00abRetrato de Jes\u00fas retirado de escuela de Ohio debido a amenazas legales\u00bb<\/span><\/a><\/p>\n","protected":false},"author":1,"featured_media":0,"comment_status":"","ping_status":"","sticky":false,"template":"","format":"standard","meta":{"footnotes":""},"categories":[1],"tags":[],"class_list":["post-54688","post","type-post","status-publish","format-standard","hentry","category-general"],"_links":{"self":[{"href":"https:\/\/www.biblia.work\/articulos\/wp-json\/wp\/v2\/posts\/54688","targetHints":{"allow":["GET"]}}],"collection":[{"href":"https:\/\/www.biblia.work\/articulos\/wp-json\/wp\/v2\/posts"}],"about":[{"href":"https:\/\/www.biblia.work\/articulos\/wp-json\/wp\/v2\/types\/post"}],"author":[{"embeddable":true,"href":"https:\/\/www.biblia.work\/articulos\/wp-json\/wp\/v2\/users\/1"}],"replies":[{"embeddable":true,"href":"https:\/\/www.biblia.work\/articulos\/wp-json\/wp\/v2\/comments?post=54688"}],"version-history":[{"count":0,"href":"https:\/\/www.biblia.work\/articulos\/wp-json\/wp\/v2\/posts\/54688\/revisions"}],"wp:attachment":[{"href":"https:\/\/www.biblia.work\/articulos\/wp-json\/wp\/v2\/media?parent=54688"}],"wp:term":[{"taxonomy":"category","embeddable":true,"href":"https:\/\/www.biblia.work\/articulos\/wp-json\/wp\/v2\/categories?post=54688"},{"taxonomy":"post_tag","embeddable":true,"href":"https:\/\/www.biblia.work\/articulos\/wp-json\/wp\/v2\/tags?post=54688"}],"curies":[{"name":"wp","href":"https:\/\/api.w.org\/{rel}","templated":true}]}}