{"id":54755,"date":"2022-08-03T20:05:26","date_gmt":"2022-08-04T01:05:26","guid":{"rendered":"https:\/\/www.biblia.work\/articulos\/la-gente-buena-y-racista\/"},"modified":"2022-08-03T20:05:26","modified_gmt":"2022-08-04T01:05:26","slug":"la-gente-buena-y-racista","status":"publish","type":"post","link":"https:\/\/www.biblia.work\/articulos\/la-gente-buena-y-racista\/","title":{"rendered":"La gente buena y racista"},"content":{"rendered":"<p>Me tom\u00e9 un descanso de muchos de mis lugares habituales en l\u00ednea durante la Cuaresma y seguramente me perd\u00ed un mont\u00f3n de art\u00edculos interesantes y noticias, aunque generalmente no he estado al tanto de&amp;nbsp ;faltando&nbsp;cualquier cosa. Afortunadamente, un amigo me envi\u00f3 un correo electr\u00f3nico Ta-Neshi Coates&rsquo; art\u00edculo de opini\u00f3n en&nbsp;The New York Times; No me hubiera gustado perderme &nbsp;&ldquo;La gente buena y racista&rdquo;. &nbsp;En \u00e9l, Coates relata un incidente reciente que tuvo lugar en la tienda de delicatessen de su vecindario durante el cual un empleado cache\u00f3 a Forest Witaker&nbsp;tras acusarlo de hurto. No hay nada raro en parar y registrar en la ciudad de Nueva York, donde se encuentra la tienda de delicatessen, pero es menos com\u00fan que la persona que se perfila sea un actor de fama mundial. Despu\u00e9s de reconocer a Witaker, el due\u00f1o se disculp\u00f3. &nbsp;Lo que Coates recoge en su pieza es la afirmaci\u00f3n del mismo propietario de que &ldquo;fue un &lsquo;error sincero&rsquo; hecho por un &lsquo;hombre decente&rsquo; quien estaba &lsquo;simplemente haciendo su trabajo&rsquo;&rdquo; &nbsp;Seg\u00fan el propietario, el incidente no fue el resultado de un perfil racial, sino el tipo de error que cualquiera podr\u00eda haber cometido. Nosotros, los blancos, a menudo no vemos prejuicios ni suposiciones raciales en este tipo de escenarios debido a nuestra forma de pensar &ndash; o no &amp; rsquo; t &amp; ndash; sobre el racismo &nbsp;Coates escribe:<\/p>\n<blockquote>\n<p><em>En la Am\u00e9rica moderna, creemos que el racismo es propiedad de los villanos y moralmente deformados, la ideolog\u00eda de los trolls, las gorgonas y los orcos. Creemos esto incluso cuando en realidad estamos siendo racistas. En 1957, los vecinos de Levittown, Pensilvania, unidos bajo la bandera de la segregaci\u00f3n, escribieron: \u201cComo ciudadanos morales, religiosos y respetuosos de la ley, sentimos que no tenemos prejuicios ni discriminaci\u00f3n en nuestro deseo de mantener nuestra comunidad como una comunidad cerrada. &rdquo; Medio siglo despu\u00e9s, poco hab\u00eda cambiado. El comediante Michael Richards (Kramer en \u00abSeinfeld\u00bb) una vez le grit\u00f3 a un negro que interrump\u00eda desde el escenario: \u00ab\u00a1\u00c9l es un negro!\u00bb. \u00a1\u00c9l es un negro! \u00a1\u00c9l es un negro! Al ser confrontado por esto, Richards se disculp\u00f3 y luego dijo: \u00abNo soy racista\u00bb. y calific\u00f3 la afirmaci\u00f3n de \u00abloca\u00bb.<\/em><\/p>\n<\/blockquote>\n<p>El racismo, para muchos de nosotros, est\u00e1 localizado dentro de un individuo y un individuo desagradable y moralmente corrupto. &nbsp;Ciertamente no &ldquo;decente&rdquo; gente como nosotros. &nbsp;Cualquiera que no sea un miembro del Klan encapuchado que est\u00e9 actuando&nbsp;perjudicialmente&nbsp;probablemente se haya equivocado al hablar. &nbsp;O est\u00e1 teniendo un mal d\u00eda. &nbsp;Recuerdo a un amigo antrop\u00f3logo que evita la palabra&nbsp;racista&nbsp;en sus clases de estudiantes en su mayor\u00eda blancos por temor a que se desconecten, asumiendo que est\u00e1n m\u00e1s all\u00e1 de esas suposiciones y comportamientos desagradables. Coates contin\u00faa, se\u00f1alando las formas resbaladizas e invisibles (para algunos) que adopta el racismo hoy en d\u00eda, formas que no son menos destructivas por su camuflaje cultural.<\/p>\n<blockquote>\n<p><em>La idea de que el racismo vive en el coraz\u00f3n de individuos particularmente malvados, a diferencia del coraz\u00f3n de una sociedad democr\u00e1tica, es un refuerzo para cualquiera que, de vez en cuando, encuentre que su lengua se adelanta a su discreci\u00f3n. Podemos perdonar al agresor de Whitaker. Mucho m\u00e1s dif\u00edcil de perdonar es todo lo que hace que Whitaker se destaque en primer lugar. Nueva York es una ciudad, como la mayor\u00eda de los Estados Unidos, que lleva las cicatrices de las l\u00edneas rojas, los \u00e9xitos de taquilla y la renovaci\u00f3n urbana. El fantasma de esas pol\u00edticas nos acecha en una brecha de riqueza entre negros y blancos que en realidad ha empeorado en los \u00faltimos 20 a\u00f1os.<\/em><\/p>\n<\/blockquote>\n<p>Por un lado, el racismo sigue jugando&amp;rsquo Es una parte perversa dentro de la historia estadounidense. &nbsp;Por otro lado, la mayor\u00eda de nosotros dentro de la cultura mayoritaria no creemos que tengamos un papel en esta historia; &nbsp;alguien&nbsp;all\u00e1 afuera puede ser racista, pero&rsquo;ciertamente no soy&nbsp;yo. &nbsp;Es imposible que ambos sean ciertos.<\/p>\n<p>Como cristiano, pienso si los cristianos estadounidenses &ndash; y sobre todo tengo en mente a los cristianos estadounidenses blancos &ndash; pensar de manera diferente sobre estas cosas que nuestros vecinos seculares. Desafortunadamente, probablemente sea una suposici\u00f3n segura que no pensamos de manera diferente y m\u00e1s cuidadosa sobre el racismo sist\u00e9mico. &nbsp;Pero no deber\u00eda ser as\u00ed. &nbsp;De hecho, hay al menos dos atributos obvios dentro de la fe cristiana que pueden comenzar a convertirnos en algo m\u00e1s que \u00abla gente buena y racista\u00bb; de Coates&rsquo; art\u00edculo de opini\u00f3n.<\/p>\n<p>Primero, los cristianos creen en el pecado. &nbsp;Nosotros&nbsp;realmente&nbsp;creemos en el pecado, lo que significa que nuestra rebeli\u00f3n contra Dios se desarrolla en nuestras vidas y en nuestros vecindarios; en nuestros corazones y nuestra cultura; en el individuo y el sistema dentro del cual funciona el individuo. &nbsp;Dada la historia de nuestro pa\u00eds, no deber\u00edamos sorprendernos de las formas en que los pecados del racismo se han asumido en nuestras suposiciones y h\u00e1bitos culturales. Cuando negamos el prejuicio que corre por las venas de nuestro pa\u00eds y, en cambio, limitamos la injusticia racial al ocasional individuo despreciable, traicionamos nuestra visi\u00f3n demasiado peque\u00f1a del pecado y su prevalencia.<\/p>\n<p>Segundo, los cristianos creen en gracia &nbsp;Realmente, realmente&nbsp;creemos en la gracia. &nbsp;Sin la gracia no hay terreno sobre el cual el cristiano pueda pararse. &nbsp;Nuestra continua dependencia de la gracia de Dios significa que no tenemos que justificarnos a nosotros mismos. &nbsp;Espec\u00edficamente, podemos admitir f\u00e1cilmente nuestra complicidad y corrupci\u00f3n dentro de sistemas y estructuras que a menudo est\u00e1n en conflicto con la justicia de Dios. Como un hombre blanco que vive por gracia, soy capaz de reconocer (cuando me doy cuenta) mis puntos ciegos y mis prejuicios. &nbsp;De hecho, no debo sorprenderme dada la realidad del pecado en nuestro mundo. &nbsp;\u00bfPor qu\u00e9 no me ver\u00eda afectado por nuestro mundo de injusticia? &nbsp; \u00bfY por qu\u00e9 no me alegrar\u00eda de cada oportunidad de apoyarme de nuevo en la gracia de Dios cuando me arrepienta y sea perdonado?<\/p>\n<p>S\u00e9 de primera mano que estos dos atributos del cristianismo se expresan m\u00e1s f\u00e1cilmente que se viven. . Aun as\u00ed, parece haber alguna raz\u00f3n para esperar que la gente buena y racista de la que Coates se ha cansado con raz\u00f3n no tenga que ser nuestra identidad predeterminada.<\/p>\n","protected":false},"excerpt":{"rendered":"<p>Me tom\u00e9 un descanso de muchos de mis lugares habituales en l\u00ednea durante la Cuaresma y seguramente me perd\u00ed un mont\u00f3n de art\u00edculos interesantes y noticias, aunque generalmente no he estado al tanto de&amp;nbsp ;faltando&nbsp;cualquier cosa. Afortunadamente, un amigo me envi\u00f3 un correo electr\u00f3nico Ta-Neshi Coates&rsquo; art\u00edculo de opini\u00f3n en&nbsp;The New York Times; No me &hellip; <a href=\"https:\/\/www.biblia.work\/articulos\/la-gente-buena-y-racista\/\" class=\"more-link\">Continuar leyendo<span class=\"screen-reader-text\"> \u00abLa gente buena y racista\u00bb<\/span><\/a><\/p>\n","protected":false},"author":1,"featured_media":0,"comment_status":"","ping_status":"","sticky":false,"template":"","format":"standard","meta":{"footnotes":""},"categories":[1],"tags":[],"class_list":["post-54755","post","type-post","status-publish","format-standard","hentry","category-general"],"_links":{"self":[{"href":"https:\/\/www.biblia.work\/articulos\/wp-json\/wp\/v2\/posts\/54755","targetHints":{"allow":["GET"]}}],"collection":[{"href":"https:\/\/www.biblia.work\/articulos\/wp-json\/wp\/v2\/posts"}],"about":[{"href":"https:\/\/www.biblia.work\/articulos\/wp-json\/wp\/v2\/types\/post"}],"author":[{"embeddable":true,"href":"https:\/\/www.biblia.work\/articulos\/wp-json\/wp\/v2\/users\/1"}],"replies":[{"embeddable":true,"href":"https:\/\/www.biblia.work\/articulos\/wp-json\/wp\/v2\/comments?post=54755"}],"version-history":[{"count":0,"href":"https:\/\/www.biblia.work\/articulos\/wp-json\/wp\/v2\/posts\/54755\/revisions"}],"wp:attachment":[{"href":"https:\/\/www.biblia.work\/articulos\/wp-json\/wp\/v2\/media?parent=54755"}],"wp:term":[{"taxonomy":"category","embeddable":true,"href":"https:\/\/www.biblia.work\/articulos\/wp-json\/wp\/v2\/categories?post=54755"},{"taxonomy":"post_tag","embeddable":true,"href":"https:\/\/www.biblia.work\/articulos\/wp-json\/wp\/v2\/tags?post=54755"}],"curies":[{"name":"wp","href":"https:\/\/api.w.org\/{rel}","templated":true}]}}