{"id":54764,"date":"2022-08-03T20:06:01","date_gmt":"2022-08-04T01:06:01","guid":{"rendered":"https:\/\/www.biblia.work\/articulos\/deberian-los-evangelicos-preocuparse-por-el-nuevo-papa\/"},"modified":"2022-08-03T20:06:01","modified_gmt":"2022-08-04T01:06:01","slug":"deberian-los-evangelicos-preocuparse-por-el-nuevo-papa","status":"publish","type":"post","link":"https:\/\/www.biblia.work\/articulos\/deberian-los-evangelicos-preocuparse-por-el-nuevo-papa\/","title":{"rendered":"\u00bfDeber\u00edan los evang\u00e9licos preocuparse por el nuevo Papa?"},"content":{"rendered":"<p>La semana pasada, personas de todo el mundo esperaban ver humo blanco saliendo de una peque\u00f1a chimenea. El humo negro significaba que un grupo de hombres todav\u00eda estaba tratando de tomar una decisi\u00f3n. Pero el humo blanco significaba un nuevo Papa, el l\u00edder espiritual de los cat\u00f3licos romanos en todo el mundo.<\/p>\n<p>Una vez que todos vieron el humo blanco, no pas\u00f3 mucho tiempo antes de que saliera la noticia: el nuevo Papa ser\u00eda Cardenal Jorge Mario Bergoglio, jesuita argentino y arzobispo de Buenos Aires. Bergoglio eligi\u00f3 el nombre &#8220;Francisco&#8221; como su nombre papal y salud\u00f3 a los fieles reunidos bajo el balc\u00f3n de la Bas\u00edlica de San Pedro con un simple saludo italiano: \u00abBuona sera\u00bb.<\/p>\n<p>Como con la elecci\u00f3n de cualquier papa moderno, los cristianos de todas las cepas han observado los procedimientos con inter\u00e9s. Los cristianos evang\u00e9licos no son una excepci\u00f3n: Sitios web evang\u00e9licos, iglesias, pastores y l\u00edderes de iglesias intervinieron en la elecci\u00f3n del Papa Francisco. Si bien algunos l\u00edderes han resaltado las formas en que una elecci\u00f3n papal muestra las diferencias entre el catolicismo y el evangelicalismo, otras voces evang\u00e9licas han elogiado la elecci\u00f3n del Papa Francisco como un paso positivo hacia el di\u00e1logo evang\u00e9lico-cat\u00f3lico.<\/p>\n<p>Entonces, \u00bfc\u00f3mo deben responder los evang\u00e9licos? a la elecci\u00f3n del Papa Francisco? \u00bfDeber\u00edan sospechar o estar emocionados? Y, m\u00e1s concretamente, \u00bfdeber\u00eda importarles a los evang\u00e9licos?<\/p>\n<p><strong>Una relaci\u00f3n dif\u00edcil<\/strong><\/p>\n<\/p>\n<p>Los evang\u00e9licos estadounidenses han tenido durante mucho tiempo una relaci\u00f3n complicada. relaci\u00f3n con el catolicismo romano, incluso en la memoria reciente. En 1994, l\u00edderes evang\u00e9licos y cat\u00f3licos, como Charles Colson y Richard John Neuhaus respectivamente, firmaron un documento ecum\u00e9nico hist\u00f3rico llamado Evangelicals and Catholics Together (ECT), que buscaba encontrar un terreno com\u00fan tanto en la doctrina b\u00e1sica como en las causas sociales. A pesar del alto perfil de muchos de los partidarios evang\u00e9licos, importantes voces evang\u00e9licas como John MacArthur, D. James Kennedy y RC Sproul criticaron la declaraci\u00f3n por restar importancia a las diferencias teol\u00f3gicas entre cat\u00f3licos y evang\u00e9licos. En una transmisi\u00f3n de radio de 1995 sobre la declaraci\u00f3n de la ECT, MacArthur dijo: \u00abCon toda honestidad, [el catolicismo] no es un grupo de hermanos descarriados, sino una forma ap\u00f3stata del cristianismo\u00bb. Es una religi\u00f3n falsa; es otra religi\u00f3n.\u201d Esos no son los \u00fanicos evang\u00e9licos que desconf\u00edan del catolicismo: una encuesta de Gallup de 2000 encontr\u00f3 que el 29% de las personas que afirman haber \u00abnacido de nuevo\u00bb; o &ldquo;evang\u00e9lica&rdquo; ten\u00eda una visi\u00f3n desfavorable de los cat\u00f3licos, ciertamente no una mayor\u00eda, pero tampoco un porcentaje f\u00e1cilmente descartable.<\/p>\n<p>Entonces, si los evang\u00e9licos han tenido una relaci\u00f3n tenue con el catolicismo en el pasado, \u00bfpor qu\u00e9 deber\u00edan preocuparse por las elecciones? de un nuevo Papa?<\/p>\n<p><strong>Evang\u00e9licos y cat\u00f3licos, en su mayor\u00eda juntos<\/strong><\/p>\n<p>Si bien hay algunos ejemplos notables de desacuerdo entre cat\u00f3licos y evang\u00e9licos, mdash; y hay algunas diferencias doctrinales serias: estos tienden a ser menos completos que los asuntos doctrinales acordados por cat\u00f3licos y evang\u00e9licos. Estos incluyen algunos de los principios b\u00e1sicos enunciados en los credos antiguos, como los Ap\u00f3stoles&rsquo; y el Credo de Nicea. Adem\u00e1s, parte de la sospecha evang\u00e9lica de la doctrina cat\u00f3lica se deriva de la mala interpretaci\u00f3n de la doctrina, o al menos&nbsp;las formas en que la doctrina cat\u00f3lica se expresa a nivel local (en oposici\u00f3n a la doctrina real).<\/p>\n<p>Considere, por por ejemplo, la idea err\u00f3nea com\u00fan de que los cat\u00f3licos rezan a los santos como si fueran mini-deidades. En realidad, la doctrina cat\u00f3lica establece que los cristianos pueden pedir a los santos difuntos que intercedan&nbsp;&mdash; oren por ellos&nbsp;&mdash; a Dios en su nombre. Es como pedirle a tus amigos que oren por ti, excepto que tu amigo vivi\u00f3 en el siglo XIII y en realidad nunca los conociste. Pero muchas veces, la forma en que se expresa a nivel local y personal se parece m\u00e1s a una superstici\u00f3n cargada de encanto que a la fe cristiana; como enterrar a San Jos\u00e9 en su patio para vender su casa.<\/p>\n<\/p>\n<p>Pero al mismo tiempo, los evang\u00e9licos y los cat\u00f3licos tienen muchas creencias superpuestas, algo que los evang\u00e9licos y cat\u00f3licos juntos declaraci\u00f3n reconocida. Aquellos devotos en su fe cat\u00f3lica (\u00a1y aquellos devotos en su fe evang\u00e9lica!) a menudo descubren que tienen mucho en com\u00fan con los fieles a trav\u00e9s de la divisi\u00f3n eclesiol\u00f3gica. Una afirmaci\u00f3n como \u00abCuando caminamos sin la cruz, cuando construimos sin la cruz y cuando proclamamos a Cristo sin la cruz, no somos disc\u00edpulos del Se\u00f1or\u00bb. podr\u00eda ser de un l\u00edder evang\u00e9lico o cat\u00f3lico. En resumen, tanto los evang\u00e9licos como los cat\u00f3licos devotos parecen darse cuenta cada vez m\u00e1s de la unidad centrada en el Evangelio que puede permitir el di\u00e1logo, el respeto en oraci\u00f3n y la cooperaci\u00f3n en lugar de la sospecha o el prejuicio. Eso no quiere decir que los argumentos sobre la sola fide, la Eucarist\u00eda, el papado o el papel de Mar\u00eda desaparecer\u00e1n (o deber\u00edan) desaparecer, pero la posibilidad de unidad en Cristo parece existir. (\u00bfEsa cita, por cierto? Es del primer discurso del Papa Francisco a los cardenales reunidos).<\/p>\n<p><strong>&ldquo;Un verdadero amigo&rdquo;<\/strong><\/p>\n<p>Si Los evang\u00e9licos han descubierto algunos lazos familiares con hermanos cat\u00f3licos, entonces tiene sentido que se preocupen por el l\u00edder espiritual de una rama de la fe cristiana que cuenta con 1.200 millones en todo el mundo y 50 millones de adherentes estadounidenses. Si bien la cantidad de cat\u00f3licos practicantes o creyentes puede ser menor (similar a la cantidad de cristianos creyentes\/practicantes frente a la cantidad de personas que reclaman la etiqueta \u00abcristiana\u00bb), sigue siendo una cifra asombrosa. Adem\u00e1s, dado que el 87 % de los cat\u00f3licos estadounidenses que asisten a misa semanalmente dicen estar contentos con la elecci\u00f3n del Papa Francisco, sugiere que hay mucha gente muy interesada en la elecci\u00f3n del nuevo Papa.<\/p>\n<p>Entonces cuando una nueva persona que es el pastor de tanta gente entra en el centro de atenci\u00f3n, vale la pena preocuparse. Incluso si no fuera una fe cristiana, valdr\u00eda la pena prestarle atenci\u00f3n, simplemente por el impacto cultural &mdash; el hecho de que haya alguna creencia en com\u00fan entre evang\u00e9licos y cat\u00f3licos hace que ese inter\u00e9s sea a\u00fan m\u00e1s convincente y obvio.<\/p>\n<p>Tambi\u00e9n significa que los evang\u00e9licos deben prestar atenci\u00f3n a lo que dice el nuevo Papa. \u00bfParece que el Papa Francisco est\u00e1 comunicando un compromiso con el Evangelio, tanto personalmente como como meta para la Iglesia Cat\u00f3lica? \u00bfParece interesado en encontrar \u00e1reas de superposici\u00f3n con la comunidad evang\u00e9lica? \u00bf\u00c9l, por encima de todo, quiere predicar la vida, muerte y resurrecci\u00f3n de Jes\u00fas, los asuntos en el coraz\u00f3n de las tradiciones tanto cat\u00f3lica como evang\u00e9lica? Si no, importa. Y si es as\u00ed, tambi\u00e9n importa.<\/p>\n<p>Hasta ahora, el Papa Francisco parece estar tocando todas las notas correctas. Su elecci\u00f3n de nombre est\u00e1 destinada a recordar a Francisco de As\u00eds, un famoso santo cat\u00f3lico que tuvo una estrecha relaci\u00f3n con la naturaleza y los pobres. Como arzobispo en Argentina, el Papa Francisco se destac\u00f3 por tomar el transporte p\u00fablico en lugar de una limusina oficial, cocinar para s\u00ed mismo y vivir en un apartamento espartano en lugar del palacio del arzobispo. En su discurso inicial a los cardenales como Papa, Francisco dijo: \u00abPodemos caminar todo lo que queramos, podemos construir muchas cosas, pero si no proclamamos a Jesucristo, algo anda mal\u00bb. Nos convertir\u00edamos en una ONG compasiva y no en una Iglesia esposa de Cristo\u201d. Es algo que no estar\u00eda fuera de lugar si saliera de la boca de Rick Warren o Bill Hybel.<\/p>\n<p>Adem\u00e1s, los evang\u00e9licos en Argentina han saludado en gran medida a Francisco&rsquo; elecci\u00f3n con entusiasmo. Juan Pablo Bongarr\u00e1, presidente de la Sociedad B\u00edblica Evang\u00e9lica Argentina, dijo a <em>Christianity Today<\/em> que &ldquo;Bergoglio es un gran hombre de Dios. Nosotros [los evang\u00e9licos] hemos tenido una buena relaci\u00f3n con \u00e9l durante muchos a\u00f1os. Pensamos que viene un tiempo nuevo para la Iglesia Cat\u00f3lica, porque nuestro hermano quiere promover la evangelizaci\u00f3n\u201d. Y el destacado evangelista Luis Palau le dijo al medio de noticias de Oreg\u00f3n KGW.com que \u00ablo he conocido varias veces, he ido a su casa, hemos hablado, hemos orado juntos, ya sabes\u00bb. \u00c9l tiende puentes a otros grupos cristianos, como los cristianos evang\u00e9licos, que es un alto porcentaje en Am\u00e9rica Latina. \u00c9l es un amigo. \u00c9l es un verdadero amigo\u201d. Al menos en estos primeros d\u00edas en este nuevo rol, el Papa Francisco parece estar destacando el cuidado de los pobres y un \u00e9nfasis en el Evangelio; ambas cosas que la iglesia evang\u00e9lica, en su mejor momento, ha apoyado incondicionalmente.<\/p>\n<p>Lo que el Papa Francisco&rsquo; Queda por ver qu\u00e9 significar\u00e1 finalmente la elecci\u00f3n para la Iglesia cat\u00f3lica o el cristianismo global. Pero a pesar de algunas diferencias teol\u00f3gicas y doctrinales hist\u00f3ricas e importantes con la Iglesia Cat\u00f3lica Romana, parece que los evang\u00e9licos est\u00e1n prestando atenci\u00f3n e interesados en lo que sucede con la Iglesia Cat\u00f3lica. Tal vez lo mejor que todos los cristianos &mdash; evang\u00e9lico o cat\u00f3lico, mdash; puede hacer por el Papa Francisco es exactamente lo que pidi\u00f3 en su primera petici\u00f3n como Papa: oren por \u00e9l. &nbsp;&nbsp; esto &hellip; <\/p>\n","protected":false},"excerpt":{"rendered":"<p>La semana pasada, personas de todo el mundo esperaban ver humo blanco saliendo de una peque\u00f1a chimenea. El humo negro significaba que un grupo de hombres todav\u00eda estaba tratando de tomar una decisi\u00f3n. Pero el humo blanco significaba un nuevo Papa, el l\u00edder espiritual de los cat\u00f3licos romanos en todo el mundo. Una vez que &hellip; <a href=\"https:\/\/www.biblia.work\/articulos\/deberian-los-evangelicos-preocuparse-por-el-nuevo-papa\/\" class=\"more-link\">Continuar leyendo<span class=\"screen-reader-text\"> \u00ab\u00bfDeber\u00edan los evang\u00e9licos preocuparse por el nuevo Papa?\u00bb<\/span><\/a><\/p>\n","protected":false},"author":1,"featured_media":0,"comment_status":"","ping_status":"","sticky":false,"template":"","format":"standard","meta":{"footnotes":""},"categories":[1],"tags":[],"class_list":["post-54764","post","type-post","status-publish","format-standard","hentry","category-general"],"_links":{"self":[{"href":"https:\/\/www.biblia.work\/articulos\/wp-json\/wp\/v2\/posts\/54764","targetHints":{"allow":["GET"]}}],"collection":[{"href":"https:\/\/www.biblia.work\/articulos\/wp-json\/wp\/v2\/posts"}],"about":[{"href":"https:\/\/www.biblia.work\/articulos\/wp-json\/wp\/v2\/types\/post"}],"author":[{"embeddable":true,"href":"https:\/\/www.biblia.work\/articulos\/wp-json\/wp\/v2\/users\/1"}],"replies":[{"embeddable":true,"href":"https:\/\/www.biblia.work\/articulos\/wp-json\/wp\/v2\/comments?post=54764"}],"version-history":[{"count":0,"href":"https:\/\/www.biblia.work\/articulos\/wp-json\/wp\/v2\/posts\/54764\/revisions"}],"wp:attachment":[{"href":"https:\/\/www.biblia.work\/articulos\/wp-json\/wp\/v2\/media?parent=54764"}],"wp:term":[{"taxonomy":"category","embeddable":true,"href":"https:\/\/www.biblia.work\/articulos\/wp-json\/wp\/v2\/categories?post=54764"},{"taxonomy":"post_tag","embeddable":true,"href":"https:\/\/www.biblia.work\/articulos\/wp-json\/wp\/v2\/tags?post=54764"}],"curies":[{"name":"wp","href":"https:\/\/api.w.org\/{rel}","templated":true}]}}