{"id":54816,"date":"2022-08-03T20:09:28","date_gmt":"2022-08-04T01:09:28","guid":{"rendered":"https:\/\/www.biblia.work\/articulos\/el-nuevo-papa-jorge-mario-bergoglio-de-argentina\/"},"modified":"2022-08-03T20:09:28","modified_gmt":"2022-08-04T01:09:28","slug":"el-nuevo-papa-jorge-mario-bergoglio-de-argentina","status":"publish","type":"post","link":"https:\/\/www.biblia.work\/articulos\/el-nuevo-papa-jorge-mario-bergoglio-de-argentina\/","title":{"rendered":"El nuevo Papa: Jorge Mario Bergoglio de Argentina"},"content":{"rendered":"<p>Despu\u00e9s de&nbsp;dos d\u00edas de votaciones,&nbsp;cardenales en&nbsp;Ciudad del Vaticano han elegido a Jorge Mario Bergoglio, de 76 a\u00f1os, que se llamar\u00e1 Francisco, el l\u00edder n\u00famero 266 de la Iglesia Cat\u00f3lica Romana. Es el primer Papa&nbsp;de Am\u00e9rica del Sur y el primer pont\u00edfice no europeo en m\u00e1s de 1.000 a\u00f1os.<\/p>\n<p>&#8220;Quiero agradecerles su abrazo&rdquo;. dijo Francisco desde el balc\u00f3n blanco de la bas\u00edlica de San Pedro ante los v\u00edtores de miles. Tambi\u00e9n agradeci\u00f3 a sus compa\u00f1eros cardenales, diciendo que &#8220;han elegido a uno de muy lejos.&#8221;<\/p>\n<p>Un hombre romano en la multitud dijo: &#8220;Fue como esperar el nacimiento de un beb\u00e9, solo que mejor.&#8221;<\/p>\n<p>Seg\u00fan <em>The New York Times, <\/em>Francisco hab\u00eda sido arzobispo de Buenos Aires y exjefe de la orden de los jesuitas. El NYT tambi\u00e9n dijo que el nuevo Papa heredar\u00e1 numerosos desaf\u00edos, incluida la creciente competencia de las iglesias evang\u00e9licas en el hemisferio sur, la escasez de sacerdotes y la crisis de abuso sexual que est\u00e1 socavando la autoridad de la Iglesia en Occidente.<\/p>\n<p> &#8220;La elecci\u00f3n del Papa es algo sustancialmente diferente de una elecci\u00f3n pol\u00edtica&rdquo; dijo el cardenal Christoph Sch\u00f6nborn de Viena, y agreg\u00f3 que el papel no era &#8220;el director ejecutivo de una compa\u00f1\u00eda multinacional, sino el l\u00edder espiritual de una comunidad de creyentes&#8221;<\/p>\n<p>Fox News escribi\u00f3 que Francisco, en su experiencia de ense\u00f1ar y dirigir sacerdotes en Am\u00e9rica Latina, &#8220;ha demostrado una aguda sensibilidad pol\u00edtica, as\u00ed como el tipo de humildad modesta que los compa\u00f1eros cardenales valoran mucho.&#8221; Tambi\u00e9n&nbsp;ha sido conocido por &#8220;modernizar una iglesia argentina que hab\u00eda estado entre las m\u00e1s conservadoras de Am\u00e9rica Latina.&#8221;<\/p>\n<p>Un vocero del Vaticano&nbsp;Rev. Federico Lombardi sugiri\u00f3 que Francisco podr\u00eda ser instalado tan pronto como el pr\u00f3ximo martes, en la fiesta de San Jos\u00e9, patr\u00f3n de la iglesia universal. El art\u00edculo de Fox News tambi\u00e9n coment\u00f3 que a la misa de instalaci\u00f3n asisten jefes de estado de todo el mundo, lo que requiere al menos unos d\u00edas&#8230; aviso.<\/p>\n<p>&nbsp;<\/p>\n","protected":false},"excerpt":{"rendered":"<p>Despu\u00e9s de&nbsp;dos d\u00edas de votaciones,&nbsp;cardenales en&nbsp;Ciudad del Vaticano han elegido a Jorge Mario Bergoglio, de 76 a\u00f1os, que se llamar\u00e1 Francisco, el l\u00edder n\u00famero 266 de la Iglesia Cat\u00f3lica Romana. Es el primer Papa&nbsp;de Am\u00e9rica del Sur y el primer pont\u00edfice no europeo en m\u00e1s de 1.000 a\u00f1os. &#8220;Quiero agradecerles su abrazo&rdquo;. dijo Francisco desde &hellip; <a href=\"https:\/\/www.biblia.work\/articulos\/el-nuevo-papa-jorge-mario-bergoglio-de-argentina\/\" class=\"more-link\">Continuar leyendo<span class=\"screen-reader-text\"> \u00abEl nuevo Papa: Jorge Mario Bergoglio de Argentina\u00bb<\/span><\/a><\/p>\n","protected":false},"author":1,"featured_media":0,"comment_status":"","ping_status":"","sticky":false,"template":"","format":"standard","meta":{"footnotes":""},"categories":[1],"tags":[],"class_list":["post-54816","post","type-post","status-publish","format-standard","hentry","category-general"],"_links":{"self":[{"href":"https:\/\/www.biblia.work\/articulos\/wp-json\/wp\/v2\/posts\/54816","targetHints":{"allow":["GET"]}}],"collection":[{"href":"https:\/\/www.biblia.work\/articulos\/wp-json\/wp\/v2\/posts"}],"about":[{"href":"https:\/\/www.biblia.work\/articulos\/wp-json\/wp\/v2\/types\/post"}],"author":[{"embeddable":true,"href":"https:\/\/www.biblia.work\/articulos\/wp-json\/wp\/v2\/users\/1"}],"replies":[{"embeddable":true,"href":"https:\/\/www.biblia.work\/articulos\/wp-json\/wp\/v2\/comments?post=54816"}],"version-history":[{"count":0,"href":"https:\/\/www.biblia.work\/articulos\/wp-json\/wp\/v2\/posts\/54816\/revisions"}],"wp:attachment":[{"href":"https:\/\/www.biblia.work\/articulos\/wp-json\/wp\/v2\/media?parent=54816"}],"wp:term":[{"taxonomy":"category","embeddable":true,"href":"https:\/\/www.biblia.work\/articulos\/wp-json\/wp\/v2\/categories?post=54816"},{"taxonomy":"post_tag","embeddable":true,"href":"https:\/\/www.biblia.work\/articulos\/wp-json\/wp\/v2\/tags?post=54816"}],"curies":[{"name":"wp","href":"https:\/\/api.w.org\/{rel}","templated":true}]}}