{"id":54971,"date":"2022-08-03T20:19:42","date_gmt":"2022-08-04T01:19:42","guid":{"rendered":"https:\/\/www.biblia.work\/articulos\/rick-warren-comenzara-un-nuevo-programa-de-radio\/"},"modified":"2022-08-03T20:19:42","modified_gmt":"2022-08-04T01:19:42","slug":"rick-warren-comenzara-un-nuevo-programa-de-radio","status":"publish","type":"post","link":"https:\/\/www.biblia.work\/articulos\/rick-warren-comenzara-un-nuevo-programa-de-radio\/","title":{"rendered":"Rick Warren comenzar\u00e1 un nuevo programa de radio"},"content":{"rendered":"<p>Aunque ha dicho que &#8220;no le gustan los teleevangelistas,&#8221; El pastor Rick Warren de la iglesia Saddleback en Lake Forest, California, comenzar\u00e1 un nuevo programa de radio a principios de abril. &nbsp;Seg\u00fan <em>The Christian Post<\/em>, el programa tendr\u00e1 una duraci\u00f3n de media hora y ser\u00e1 transmitido por los 25 mercados de radio m\u00e1s grandes.<\/p>\n<p>Warren dijo que no quer\u00eda hacer un programa de radio en el pasado porque no quer\u00eda que su iglesia se convirtiera en un estudio, \u00e9l no quer\u00eda recaudar fondos y no le gustan los predicadores de televisi\u00f3n. Pero dijo que &#8220;Estados Unidos est\u00e1 en un per\u00edodo de desaliento&#8221; evidenciado por la forma en que se hablan estos d\u00edas (espec\u00edficamente la forma en que se dirigen en l\u00ednea). <\/p>\n<p>El programa se llamar\u00e1 &#8220;Daily Hope&#8221; y estar\u00e1 dise\u00f1ado para &#8220;inyectar algo de esperanza&#8221; en oyentes. Warren tambi\u00e9n dijo que el programa tocar\u00eda el tema de la libertad religiosa en Estados Unidos.<\/p>\n<p>&nbsp;<\/p>\n","protected":false},"excerpt":{"rendered":"<p>Aunque ha dicho que &#8220;no le gustan los teleevangelistas,&#8221; El pastor Rick Warren de la iglesia Saddleback en Lake Forest, California, comenzar\u00e1 un nuevo programa de radio a principios de abril. &nbsp;Seg\u00fan The Christian Post, el programa tendr\u00e1 una duraci\u00f3n de media hora y ser\u00e1 transmitido por los 25 mercados de radio m\u00e1s grandes. Warren &hellip; <a href=\"https:\/\/www.biblia.work\/articulos\/rick-warren-comenzara-un-nuevo-programa-de-radio\/\" class=\"more-link\">Continuar leyendo<span class=\"screen-reader-text\"> \u00abRick Warren comenzar\u00e1 un nuevo programa de radio\u00bb<\/span><\/a><\/p>\n","protected":false},"author":1,"featured_media":0,"comment_status":"","ping_status":"","sticky":false,"template":"","format":"standard","meta":{"footnotes":""},"categories":[1],"tags":[],"class_list":["post-54971","post","type-post","status-publish","format-standard","hentry","category-general"],"_links":{"self":[{"href":"https:\/\/www.biblia.work\/articulos\/wp-json\/wp\/v2\/posts\/54971","targetHints":{"allow":["GET"]}}],"collection":[{"href":"https:\/\/www.biblia.work\/articulos\/wp-json\/wp\/v2\/posts"}],"about":[{"href":"https:\/\/www.biblia.work\/articulos\/wp-json\/wp\/v2\/types\/post"}],"author":[{"embeddable":true,"href":"https:\/\/www.biblia.work\/articulos\/wp-json\/wp\/v2\/users\/1"}],"replies":[{"embeddable":true,"href":"https:\/\/www.biblia.work\/articulos\/wp-json\/wp\/v2\/comments?post=54971"}],"version-history":[{"count":0,"href":"https:\/\/www.biblia.work\/articulos\/wp-json\/wp\/v2\/posts\/54971\/revisions"}],"wp:attachment":[{"href":"https:\/\/www.biblia.work\/articulos\/wp-json\/wp\/v2\/media?parent=54971"}],"wp:term":[{"taxonomy":"category","embeddable":true,"href":"https:\/\/www.biblia.work\/articulos\/wp-json\/wp\/v2\/categories?post=54971"},{"taxonomy":"post_tag","embeddable":true,"href":"https:\/\/www.biblia.work\/articulos\/wp-json\/wp\/v2\/tags?post=54971"}],"curies":[{"name":"wp","href":"https:\/\/api.w.org\/{rel}","templated":true}]}}