{"id":54985,"date":"2022-08-03T20:20:37","date_gmt":"2022-08-04T01:20:37","guid":{"rendered":"https:\/\/www.biblia.work\/articulos\/renuncia-el-papa-benedicto-xvi\/"},"modified":"2022-08-03T20:20:37","modified_gmt":"2022-08-04T01:20:37","slug":"renuncia-el-papa-benedicto-xvi","status":"publish","type":"post","link":"https:\/\/www.biblia.work\/articulos\/renuncia-el-papa-benedicto-xvi\/","title":{"rendered":"Renuncia el Papa Benedicto XVI"},"content":{"rendered":"<p>Como inform\u00f3 NPR, por primera&nbsp; tiempo en casi seis siglos, el l\u00edder de la Iglesia Cat\u00f3lica Romana renunciar\u00e1 a su cargo. El Papa Benedicto XVI ha anunciado que dejar\u00e1 el cargo a finales de febrero, diciendo que, &#8220;despu\u00e9s de repetidas ocasiones de examinar su conciencia ante Dios,&#8221; sus &#8220;fuerzas, debido a su avanzada edad, ya no son adecuadas para un adecuado ejercicio del ministerio petrino.&#8221;<\/p>\n<p>En su declaraci\u00f3n, el Papa, que ocupa su cargo desde 2005, admiti\u00f3 que para el cumplimiento de sus funciones &#8220;son necesarias tanto la fuerza mental como la f\u00edsica, fortaleza que en los \u00faltimos meses se ha deteriorado en m\u00ed al punto que he tenido que reconocer mi incapacidad para cumplir adecuadamente el ministerio que me ha sido confiado.&#8221;<\/p>\n<p>Termin\u00f3 su intervenci\u00f3n agradeciendo a sus &#8220;hermanos&#8221; por su apoyo, pidiendo &#8220;perd\u00f3n por todos sus defectos.&#8221;<\/p>\n<p>El Papa Benedicto XVI, nacido Joseph Ratzinger en Alemania en 1927, recibi\u00f3 su ordenaci\u00f3n en 1951 despu\u00e9s de estudiar filosof\u00eda y teolog\u00eda en la Escuela Superior de Filosof\u00eda y Teolog\u00eda de Freising y en la Universidad de Munich. Fue elegido pont\u00edfice tras la muerte del Papa Juan Pablo II.<\/p>\n<p>El <em>National Catholic Reporter<\/em> escribi\u00f3 que el n\u00famero total de papas que han renunciado es probablemente menos de 10. Gregorio XII renunci\u00f3 para poner fin al Gran Cisma de Occidente en 1415, y la renuncia del Papa Celestino V en 1294 es la m\u00e1s famosa porque Dante lo envi\u00f3 al infierno por ello. La mayor\u00eda de los papas modernos han sentido que la resignaci\u00f3n es inaceptable. Como dec\u00eda Pablo VI, no se puede renunciar a la paternidad.&#8221;<\/p>\n<p>&nbsp;<\/p>\n","protected":false},"excerpt":{"rendered":"<p>Como inform\u00f3 NPR, por primera&nbsp; tiempo en casi seis siglos, el l\u00edder de la Iglesia Cat\u00f3lica Romana renunciar\u00e1 a su cargo. El Papa Benedicto XVI ha anunciado que dejar\u00e1 el cargo a finales de febrero, diciendo que, &#8220;despu\u00e9s de repetidas ocasiones de examinar su conciencia ante Dios,&#8221; sus &#8220;fuerzas, debido a su avanzada edad, ya &hellip; <a href=\"https:\/\/www.biblia.work\/articulos\/renuncia-el-papa-benedicto-xvi\/\" class=\"more-link\">Continuar leyendo<span class=\"screen-reader-text\"> \u00abRenuncia el Papa Benedicto XVI\u00bb<\/span><\/a><\/p>\n","protected":false},"author":1,"featured_media":0,"comment_status":"","ping_status":"","sticky":false,"template":"","format":"standard","meta":{"footnotes":""},"categories":[1],"tags":[],"class_list":["post-54985","post","type-post","status-publish","format-standard","hentry","category-general"],"_links":{"self":[{"href":"https:\/\/www.biblia.work\/articulos\/wp-json\/wp\/v2\/posts\/54985","targetHints":{"allow":["GET"]}}],"collection":[{"href":"https:\/\/www.biblia.work\/articulos\/wp-json\/wp\/v2\/posts"}],"about":[{"href":"https:\/\/www.biblia.work\/articulos\/wp-json\/wp\/v2\/types\/post"}],"author":[{"embeddable":true,"href":"https:\/\/www.biblia.work\/articulos\/wp-json\/wp\/v2\/users\/1"}],"replies":[{"embeddable":true,"href":"https:\/\/www.biblia.work\/articulos\/wp-json\/wp\/v2\/comments?post=54985"}],"version-history":[{"count":0,"href":"https:\/\/www.biblia.work\/articulos\/wp-json\/wp\/v2\/posts\/54985\/revisions"}],"wp:attachment":[{"href":"https:\/\/www.biblia.work\/articulos\/wp-json\/wp\/v2\/media?parent=54985"}],"wp:term":[{"taxonomy":"category","embeddable":true,"href":"https:\/\/www.biblia.work\/articulos\/wp-json\/wp\/v2\/categories?post=54985"},{"taxonomy":"post_tag","embeddable":true,"href":"https:\/\/www.biblia.work\/articulos\/wp-json\/wp\/v2\/tags?post=54985"}],"curies":[{"name":"wp","href":"https:\/\/api.w.org\/{rel}","templated":true}]}}