{"id":55000,"date":"2022-08-03T20:21:38","date_gmt":"2022-08-04T01:21:38","guid":{"rendered":"https:\/\/www.biblia.work\/articulos\/en-el-desayuno-nacional-de-oracion-obama-llama-a-los-estadounidenses-gente-de-fe\/"},"modified":"2022-08-03T20:21:38","modified_gmt":"2022-08-04T01:21:38","slug":"en-el-desayuno-nacional-de-oracion-obama-llama-a-los-estadounidenses-gente-de-fe","status":"publish","type":"post","link":"https:\/\/www.biblia.work\/articulos\/en-el-desayuno-nacional-de-oracion-obama-llama-a-los-estadounidenses-gente-de-fe\/","title":{"rendered":"En el Desayuno Nacional de Oraci\u00f3n, Obama llama a los estadounidenses \u00abGente de fe\u00bb"},"content":{"rendered":"<p>El Desayuno Nacional de Oraci\u00f3n se llev\u00f3 a cabo el jueves 7 de febrero en el Hilton Washington International Ballroom en Washington DC, seg\u00fan <em>The Christian Post&nbsp;<\/em>y <em>The Washington Post, <\/em>el presidente Barack Obama&nbsp;dijo en su discurso que &#8220;estamos unidos en el conocimiento de un salvador redentor cuya gracia es suficiente.&#8221;<\/p>\n<p>&#8220;Nos reunimos porque somos un pueblo de fe. Sabemos que la fe es algo que hay que cultivar. La fe no es una posesi\u00f3n. La fe es un proceso,&#8221; agreg\u00f3 Obama.<\/p>\n<p>Tambi\u00e9n dijo que los l\u00edderes estadounidenses tienden a olvidar sus oraciones por direcci\u00f3n cuando tales eventos han terminado. &#8220;Regresar\u00eda a la Oficina Oval y encender\u00eda las cadenas de noticias por cable&mdash; \u00a1y es como si no hubi\u00e9ramos orado!<\/p>\n<p>Obama mencion\u00f3 a sus oyentes que el ministro pentecostal y jefe de la Oficina de Asociaciones Vecinales y Basadas en la Fe, Joshua DuBois, renunciar\u00eda su oficina al final de la semana.<\/p>\n<p>Organizado por una organizaci\u00f3n cristiana, el Desayuno Nacional de Oraci\u00f3n se llev\u00f3 a cabo por primera vez en 1953, incluye muchas religiones diferentes y est\u00e1 dise\u00f1ado para reunir a un grupo bipartidista de l\u00edderes pol\u00edticos y religiosos para orar por la naci\u00f3n.<\/p>\n<p>\n","protected":false},"excerpt":{"rendered":"<p>El Desayuno Nacional de Oraci\u00f3n se llev\u00f3 a cabo el jueves 7 de febrero en el Hilton Washington International Ballroom en Washington DC, seg\u00fan The Christian Post&nbsp;y The Washington Post, el presidente Barack Obama&nbsp;dijo en su discurso que &#8220;estamos unidos en el conocimiento de un salvador redentor cuya gracia es suficiente.&#8221; &#8220;Nos reunimos porque somos &hellip; <a href=\"https:\/\/www.biblia.work\/articulos\/en-el-desayuno-nacional-de-oracion-obama-llama-a-los-estadounidenses-gente-de-fe\/\" class=\"more-link\">Continuar leyendo<span class=\"screen-reader-text\"> \u00abEn el Desayuno Nacional de Oraci\u00f3n, Obama llama a los estadounidenses \u00abGente de fe\u00bb\u00bb<\/span><\/a><\/p>\n","protected":false},"author":1,"featured_media":0,"comment_status":"","ping_status":"","sticky":false,"template":"","format":"standard","meta":{"footnotes":""},"categories":[1],"tags":[],"class_list":["post-55000","post","type-post","status-publish","format-standard","hentry","category-general"],"_links":{"self":[{"href":"https:\/\/www.biblia.work\/articulos\/wp-json\/wp\/v2\/posts\/55000","targetHints":{"allow":["GET"]}}],"collection":[{"href":"https:\/\/www.biblia.work\/articulos\/wp-json\/wp\/v2\/posts"}],"about":[{"href":"https:\/\/www.biblia.work\/articulos\/wp-json\/wp\/v2\/types\/post"}],"author":[{"embeddable":true,"href":"https:\/\/www.biblia.work\/articulos\/wp-json\/wp\/v2\/users\/1"}],"replies":[{"embeddable":true,"href":"https:\/\/www.biblia.work\/articulos\/wp-json\/wp\/v2\/comments?post=55000"}],"version-history":[{"count":0,"href":"https:\/\/www.biblia.work\/articulos\/wp-json\/wp\/v2\/posts\/55000\/revisions"}],"wp:attachment":[{"href":"https:\/\/www.biblia.work\/articulos\/wp-json\/wp\/v2\/media?parent=55000"}],"wp:term":[{"taxonomy":"category","embeddable":true,"href":"https:\/\/www.biblia.work\/articulos\/wp-json\/wp\/v2\/categories?post=55000"},{"taxonomy":"post_tag","embeddable":true,"href":"https:\/\/www.biblia.work\/articulos\/wp-json\/wp\/v2\/tags?post=55000"}],"curies":[{"name":"wp","href":"https:\/\/api.w.org\/{rel}","templated":true}]}}