{"id":55046,"date":"2022-08-03T20:24:42","date_gmt":"2022-08-04T01:24:42","guid":{"rendered":"https:\/\/www.biblia.work\/articulos\/sen-john-kerry-profundamente-preocupado-acerca-del-juicio-de-abedini\/"},"modified":"2022-08-03T20:24:42","modified_gmt":"2022-08-04T01:24:42","slug":"sen-john-kerry-profundamente-preocupado-acerca-del-juicio-de-abedini","status":"publish","type":"post","link":"https:\/\/www.biblia.work\/articulos\/sen-john-kerry-profundamente-preocupado-acerca-del-juicio-de-abedini\/","title":{"rendered":"Sen. John Kerry &quot;Profundamente preocupado&quot; Acerca del juicio de Abedini"},"content":{"rendered":"<p>El senador John Kerry, recientemente confirmado como el pr\u00f3ximo secretario de Estado de los EE. #8217; juicio.&#8221;<\/p>\n<p>&#8220;Yo, junto con el gobierno de EE. UU., condeno la continua violaci\u00f3n por parte de Ir\u00e1n del derecho universal a la libertad de religi\u00f3n y exhorto al autoridades a respetar los derechos humanos del se\u00f1or Abedini y liberarlo,&#8221; Kerry continu\u00f3.<\/p>\n<p>Saeed Abedini, de 32 a\u00f1os, fue arrestado en septiembre de 2012 en Ir\u00e1n y sentenciado a ocho a\u00f1os de prisi\u00f3n por &#8220;poner en peligro la seguridad nacional&#8221; ayudando a las iglesias dom\u00e9sticas en ese pa\u00eds.<\/p>\n<p>En una declaraci\u00f3n a <em>The Christian Post<\/em>, Jordan Sekulow del Centro Estadounidense para la Ley y la Justicia llam\u00f3 a la condena de Kerry &amp;#8220 ;un signo positivo&#8221; y podr\u00eda hacer &#8220;una tremenda diferencia&#8221; en el caso.<\/p>\n<p>&#8220;Al condenar a Ir\u00e1n y pedir la liberaci\u00f3n del pastor Saeed, el senador Kerry&#8230;tiene la oportunidad de liderar un esfuerzo mundial necesario para liberar al pastor Saeed. Las naciones de todo el mundo miran a los EE. UU. cuando se trata de ponerse de pie y defender la libertad religiosa y los derechos humanos,&#8221; Sekulow a\u00f1adido.<\/p>\n<p>&nbsp;<\/p>\n","protected":false},"excerpt":{"rendered":"<p>El senador John Kerry, recientemente confirmado como el pr\u00f3ximo secretario de Estado de los EE. #8217; juicio.&#8221; &#8220;Yo, junto con el gobierno de EE. UU., condeno la continua violaci\u00f3n por parte de Ir\u00e1n del derecho universal a la libertad de religi\u00f3n y exhorto al autoridades a respetar los derechos humanos del se\u00f1or Abedini y liberarlo,&#8221; &hellip; <a href=\"https:\/\/www.biblia.work\/articulos\/sen-john-kerry-profundamente-preocupado-acerca-del-juicio-de-abedini\/\" class=\"more-link\">Continuar leyendo<span class=\"screen-reader-text\"> \u00abSen. John Kerry &quot;Profundamente preocupado&quot; Acerca del juicio de Abedini\u00bb<\/span><\/a><\/p>\n","protected":false},"author":1,"featured_media":0,"comment_status":"","ping_status":"","sticky":false,"template":"","format":"standard","meta":{"footnotes":""},"categories":[1],"tags":[],"class_list":["post-55046","post","type-post","status-publish","format-standard","hentry","category-general"],"_links":{"self":[{"href":"https:\/\/www.biblia.work\/articulos\/wp-json\/wp\/v2\/posts\/55046","targetHints":{"allow":["GET"]}}],"collection":[{"href":"https:\/\/www.biblia.work\/articulos\/wp-json\/wp\/v2\/posts"}],"about":[{"href":"https:\/\/www.biblia.work\/articulos\/wp-json\/wp\/v2\/types\/post"}],"author":[{"embeddable":true,"href":"https:\/\/www.biblia.work\/articulos\/wp-json\/wp\/v2\/users\/1"}],"replies":[{"embeddable":true,"href":"https:\/\/www.biblia.work\/articulos\/wp-json\/wp\/v2\/comments?post=55046"}],"version-history":[{"count":0,"href":"https:\/\/www.biblia.work\/articulos\/wp-json\/wp\/v2\/posts\/55046\/revisions"}],"wp:attachment":[{"href":"https:\/\/www.biblia.work\/articulos\/wp-json\/wp\/v2\/media?parent=55046"}],"wp:term":[{"taxonomy":"category","embeddable":true,"href":"https:\/\/www.biblia.work\/articulos\/wp-json\/wp\/v2\/categories?post=55046"},{"taxonomy":"post_tag","embeddable":true,"href":"https:\/\/www.biblia.work\/articulos\/wp-json\/wp\/v2\/tags?post=55046"}],"curies":[{"name":"wp","href":"https:\/\/api.w.org\/{rel}","templated":true}]}}