{"id":918,"date":"2022-07-25T21:39:29","date_gmt":"2022-07-26T02:39:29","guid":{"rendered":"https:\/\/www.biblia.work\/articulos\/la-navidad-es-el-25-de-diciembre-esta-bien-que-los-cristianos-lo-celebren\/"},"modified":"2022-07-25T21:39:29","modified_gmt":"2022-07-26T02:39:29","slug":"la-navidad-es-el-25-de-diciembre-esta-bien-que-los-cristianos-lo-celebren","status":"publish","type":"post","link":"https:\/\/www.biblia.work\/articulos\/la-navidad-es-el-25-de-diciembre-esta-bien-que-los-cristianos-lo-celebren\/","title":{"rendered":"\u00bfLa Navidad es el 25 de diciembre? \u00bfEst\u00e1 bien que los cristianos lo celebren?"},"content":{"rendered":"<div class=\"post-content\">\n<p>Respuesta corta: \u00a1No, pero tambi\u00e9n s\u00ed!<\/p>\n<p>La Biblia no ense\u00f1a que Jes\u00fas naci\u00f3 el 25 de diciembre , pero la evidencia es clara y fuerte de que el momento de <strong>su nacimiento fue alrededor del 1 de octubre<\/strong>. Generalmente se reconoce que Jes\u00fas fue <strong>crucificado el viernes 3 de abril del a\u00f1o 33 dC<\/strong>. El hecho de que Su crucifixi\u00f3n ocurri\u00f3 al final del d\u00eda catorce del mes de Nis\u00e1n, y que esta fecha rara vez cae en viernes, pero s\u00ed en el a\u00f1o 33 d. C. corrobora esa fecha. Incluso Usher, quien adopt\u00f3 el 4 a. C. como la fecha de Jes\u00fas # 039; nacimiento, se vio obligado a admitir que Su crucifixi\u00f3n fue en el a\u00f1o 33 dC.<\/p>\n<p>Nuestro Se\u00f1or ten\u00eda treinta a\u00f1os de edad cuando comenz\u00f3 Su ministerio, y Su ministerio dur\u00f3 solo tres a\u00f1os y medio. Este hecho generalmente aceptado es probado por la profec\u00eda de Daniel (<strong>Daniel 9:25-27<\/strong>) acerca de la muerte de Cristo a la mitad de la septuag\u00e9sima semana del favor de Israel. . Las &quot;setenta semanas&quot; (Un d\u00eda por un a\u00f1o, 490 d\u00edas, o 490 a\u00f1os, Ezequiel 4:6) que data del 454 a. C. y termin\u00f3 en el 36 d. C. En el \u00abmedio\u00bb de esa \u00faltima semana de siete a\u00f1os, la \u00absemana septuag\u00e9sima\u00bb, Cristo fue &quot;cortado&quot; &#8211;crucificado&#8211;3 de abril de 33 d. C. Como el <strong>Se\u00f1or Jes\u00fas ten\u00eda treinta y tres a\u00f1os y medio cuando muri\u00f3, solo tenemos que medir ese per\u00edodo de tiempo hasta la fecha de Su muerte. .<\/strong> Por lo tanto, la fecha de su nacimiento ser\u00eda <strong>alrededor del 3 de octubre del a\u00f1o 1 a. C.<\/strong>.<\/p>\n<p>La iglesia primitiva no celebraba a Jes\u00fas&rsquo; nacimiento. El 25 de diciembre se convirti\u00f3 en la fecha tradicional de Navidad cuando <strong>reemplaz\u00f3 la celebraci\u00f3n pagana<\/strong> del <strong>nacimiento del dios egipcio del sol, Mithra<\/strong>. Seg\u00fan el calendario juliano, el solsticio de invierno ca\u00eda el 25 de diciembre. En Egipto, la gente se regocijaba de que a partir de ese momento aumentar\u00edan las horas de luz solar por d\u00eda. El 25 de diciembre, la festividad de la Natividad del Sol, celebraba este evento solar.&nbsp;<\/p>\n<p>Hist\u00f3ricamente, los cristianos tambi\u00e9n estaban felices de notar los per\u00edodos m\u00e1s largos de luz del d\u00eda, aunque no adoraban a Mitra. Dado que celebrar el solsticio de invierno era una fiesta muy popular, el &ldquo;cristiano&rdquo; la iglesia opt\u00f3 por sustituir la natividad de Mitra por la natividad de Jes\u00fas.&nbsp;<\/p>\n<p>Recordemos: Jes\u00fas no les dijo a sus disc\u00edpulos que celebraran su nacimiento. Por lo tanto, <strong>no es importante cuando elegimos recordar este maravilloso evento<\/strong>. Debido a que el amor y el aprecio por nuestro Salvador abundan en los corazones de las personas el 25 de diciembre, podemos <strong>unirnos a su actitud de alegre recuerdo<\/strong>. Y el h\u00e1bito de darse <strong>regalos<\/strong> unos a otros parece <strong>especialmente apropiado<\/strong>. Dios es el dador de todo don bueno y perfecto. Ciertamente, entre todos Sus dones, el m\u00e1s importante para nosotros es el <strong>regalo de Su Hijo para ser nuestro Redentor<\/strong>.<\/p>\n<\/p><\/div>\n","protected":false},"excerpt":{"rendered":"<p>Respuesta corta: \u00a1No, pero tambi\u00e9n s\u00ed! La Biblia no ense\u00f1a que Jes\u00fas naci\u00f3 el 25 de diciembre , pero la evidencia es clara y fuerte de que el momento de su nacimiento fue alrededor del 1 de octubre. Generalmente se reconoce que Jes\u00fas fue crucificado el viernes 3 de abril del a\u00f1o 33 dC. El &hellip; <a href=\"https:\/\/www.biblia.work\/articulos\/la-navidad-es-el-25-de-diciembre-esta-bien-que-los-cristianos-lo-celebren\/\" class=\"more-link\">Continuar leyendo<span class=\"screen-reader-text\"> \u00ab\u00bfLa Navidad es el 25 de diciembre? \u00bfEst\u00e1 bien que los cristianos lo celebren?\u00bb<\/span><\/a><\/p>\n","protected":false},"author":1,"featured_media":0,"comment_status":"","ping_status":"","sticky":false,"template":"","format":"standard","meta":{"footnotes":""},"categories":[1],"tags":[],"class_list":["post-918","post","type-post","status-publish","format-standard","hentry","category-general"],"_links":{"self":[{"href":"https:\/\/www.biblia.work\/articulos\/wp-json\/wp\/v2\/posts\/918","targetHints":{"allow":["GET"]}}],"collection":[{"href":"https:\/\/www.biblia.work\/articulos\/wp-json\/wp\/v2\/posts"}],"about":[{"href":"https:\/\/www.biblia.work\/articulos\/wp-json\/wp\/v2\/types\/post"}],"author":[{"embeddable":true,"href":"https:\/\/www.biblia.work\/articulos\/wp-json\/wp\/v2\/users\/1"}],"replies":[{"embeddable":true,"href":"https:\/\/www.biblia.work\/articulos\/wp-json\/wp\/v2\/comments?post=918"}],"version-history":[{"count":0,"href":"https:\/\/www.biblia.work\/articulos\/wp-json\/wp\/v2\/posts\/918\/revisions"}],"wp:attachment":[{"href":"https:\/\/www.biblia.work\/articulos\/wp-json\/wp\/v2\/media?parent=918"}],"wp:term":[{"taxonomy":"category","embeddable":true,"href":"https:\/\/www.biblia.work\/articulos\/wp-json\/wp\/v2\/categories?post=918"},{"taxonomy":"post_tag","embeddable":true,"href":"https:\/\/www.biblia.work\/articulos\/wp-json\/wp\/v2\/tags?post=918"}],"curies":[{"name":"wp","href":"https:\/\/api.w.org\/{rel}","templated":true}]}}