{"id":10334,"date":"2022-06-19T22:05:50","date_gmt":"2022-06-20T03:05:50","guid":{"rendered":"https:\/\/www.biblia.work\/comentario\/comentario-de-2-reyes-631-exegesis-y-hermeneutica-de-la-biblia\/"},"modified":"2022-06-19T22:05:50","modified_gmt":"2022-06-20T03:05:50","slug":"comentario-de-2-reyes-631-exegesis-y-hermeneutica-de-la-biblia","status":"publish","type":"post","link":"https:\/\/www.biblia.work\/comentario\/comentario-de-2-reyes-631-exegesis-y-hermeneutica-de-la-biblia\/","title":{"rendered":"Comentario de 2 Reyes 6:31 &#8211; Ex\u00e9gesis y Hermen\u00e9utica de la Biblia"},"content":{"rendered":"<h3 align='center'><b><i>Luego dijo: \u2014\u00a1As\u00ed me haga Dios y aun me a\u00f1ada, si la cabeza de Eliseo hijo de Safat queda hoy en su lugar!<\/i><\/b><\/h3>\n<p><b><i>As\u00ed me haga Dios.<\/i><\/b> <span class='bible'>Rut 1:17<\/span>; <span class='bible'>1Sa 3:17<\/span>; <span class='bible'>1Sa 14:44<\/span>; <span class='bible'>1Sa 25:22<\/span>; <span class='bible'>2Sa 3:9<\/span>, <span class='bible'>2Sa 3:35<\/span>; <span class='bible'>2Sa 19:13<\/span>; <span class='bible'>1Re 2:23<\/span>.<\/p>\n<p><b><i>si la cabeza.<\/i><\/b> <span class='bible'>1Re 18:17<\/span>; <span class='bible'>1Re 19:2<\/span>; <span class='bible'>1Re 22:8<\/span>; <span class='bible'>Jer 37:15<\/span>, <span class='bible'>Jer 37:16<\/span>; <span class='bible'>Jer 38:4<\/span>; <span class='bible'>Jua 11:50<\/span>; <span class='bible'>Hch 23:12<\/span>, <span class='bible'>Hch 23:13<\/span>.<\/p>\n<h3 align='right'><i><b>Fuente: El Tesoro del Conocimiento B\u00edblico<\/b><\/i><\/h3>\n<p lang=\"es-ES\" style=\"text-indent:18pt;margin-left:0pt;margin-top:0pt;margin-bottom:0pt;margin-right:0pt\"><b>la cabeza de Eliseo:<\/b>\u00a0La frase es un juramento que expresa la furia del rey para matar a Eliseo, a quien culp\u00f3 por la condici\u00f3n severa de su pueblo.<\/p>\n<p><\/p>\n<h3 align='right'><i><b>Fuente: Nuevo Comentario Ilustrado de la Biblia Caribe<\/b><\/i><\/h3>\n<p><b>la cabeza de Eliseo.<\/b> Joram jur\u00f3 dar muerte a Eliseo. La raz\u00f3n de que Joram quisiera la muerte de Eliseo podr\u00eda haber sido: 1) el rey consideraba el asedio como obra del Se\u00f1or (v. <span class='bible'>2Re 6:33<\/span>), de modo que supon\u00eda que el representante del Se\u00f1or, el profeta, con quien estaban en conflicto los reyes de Israel, estaba tambi\u00e9n involucrado en ello; o 2) el rey record\u00f3 que El\u00edas hab\u00eda puesto fin al hambre (<span class='bible'>1Re 18:41-46<\/span>); o bien 3) Joram crey\u00f3 que la clemencia de Eliseo hacia el ej\u00e9rcito de Siria (v. <span class='bible'>2Re 6:22<\/span>) hab\u00eda de alguna forma a\u00f1adido a la intensidad del presente asedio; o que 4) por cuanto Eliseo ten\u00eda poderes milagrosos, debiera haber puesto fin al hambre. Pero lo m\u00e1s probable es que la raz\u00f3n por la que quer\u00eda matar a Eliseo era porque esperaba que su duelo, quiz\u00e1s aconsejado por el profeta como un acto de verdadero arrepentimiento (un arrepentimiento que realmente no sent\u00eda; vea la nota sobre v. <span class='bible'>2Re 6:30<\/span>), dar\u00eda como resultado el fin del asedio. Cuando esto no sucedi\u00f3 as\u00ed, quiso la cabeza del profeta.<\/p>\n<h3 align='right'><i><b>Fuente: Biblia de Estudio MacArthur<\/b><\/i><\/h3>\n<p><span class='bible'>1Sa 3:17<\/span>+.<\/p>\n<h3 align='right'><i><b>Fuente: Traducci\u00f3n Interconfesional HispanoAmericana<\/b><\/i><\/h3>\n<p><i><b>\u2014 salva hoy su cabeza:<\/b><\/i> La amenaza contra Eliseo hace suponer alguna intervenci\u00f3n anterior del profeta que ha propiciado el que la situaci\u00f3n haya llegado a tal extremo.<\/p>\n<h3 align='right'><i><b>Fuente: Traducci\u00f3n Interconfesional HispanoAmericana<\/b><\/i><\/h3>\n<p>REFERENCIAS CRUZADAS<\/p>\n<p>x 330 Sal 105:15; Jer 38:4<\/p>\n<h3 align='right'><i><b>Fuente: Traducci\u00f3n del Nuevo Mundo<\/b><\/i><\/h3>\n<p><i><b>Eliseo&#8230;<\/b><\/i> TM a\u00f1ade <i>hijo de Safat<\/i>. Se sigue LXX \u2192 \u00a7<span class=\"dct\">194<\/span>.<\/span><\/p>\n<h3 align='right'><i><b>Fuente: Biblia Textual IV Edici\u00f3n<\/b><\/i><\/h3>\n<p> Lit., <i>sobre \u00e9l<\/i> <\/p>\n<h3 align='right'><i><b>Fuente: La Biblia de las Am\u00e9ricas<\/b><\/i><\/h3>\n","protected":false},"excerpt":{"rendered":"<p>Luego dijo: \u2014\u00a1As\u00ed me haga Dios y aun me a\u00f1ada, si la cabeza de Eliseo hijo de Safat queda hoy en su lugar! As\u00ed me haga Dios. Rut 1:17; 1Sa 3:17; 1Sa 14:44; 1Sa 25:22; 2Sa 3:9, 2Sa 3:35; 2Sa 19:13; 1Re 2:23. si la cabeza. 1Re 18:17; 1Re 19:2; 1Re 22:8; Jer 37:15, Jer &hellip; <a href=\"https:\/\/www.biblia.work\/comentario\/comentario-de-2-reyes-631-exegesis-y-hermeneutica-de-la-biblia\/\" class=\"more-link\">Continuar leyendo<span class=\"screen-reader-text\"> \u00abComentario de 2 Reyes 6:31 &#8211; Ex\u00e9gesis y Hermen\u00e9utica de la Biblia\u00bb<\/span><\/a><\/p>\n","protected":false},"author":1,"featured_media":0,"comment_status":"","ping_status":"","sticky":false,"template":"","format":"standard","meta":{"footnotes":""},"categories":[1],"tags":[],"class_list":["post-10334","post","type-post","status-publish","format-standard","hentry","category-comentario"],"_links":{"self":[{"href":"https:\/\/www.biblia.work\/comentario\/wp-json\/wp\/v2\/posts\/10334","targetHints":{"allow":["GET"]}}],"collection":[{"href":"https:\/\/www.biblia.work\/comentario\/wp-json\/wp\/v2\/posts"}],"about":[{"href":"https:\/\/www.biblia.work\/comentario\/wp-json\/wp\/v2\/types\/post"}],"author":[{"embeddable":true,"href":"https:\/\/www.biblia.work\/comentario\/wp-json\/wp\/v2\/users\/1"}],"replies":[{"embeddable":true,"href":"https:\/\/www.biblia.work\/comentario\/wp-json\/wp\/v2\/comments?post=10334"}],"version-history":[{"count":0,"href":"https:\/\/www.biblia.work\/comentario\/wp-json\/wp\/v2\/posts\/10334\/revisions"}],"wp:attachment":[{"href":"https:\/\/www.biblia.work\/comentario\/wp-json\/wp\/v2\/media?parent=10334"}],"wp:term":[{"taxonomy":"category","embeddable":true,"href":"https:\/\/www.biblia.work\/comentario\/wp-json\/wp\/v2\/categories?post=10334"},{"taxonomy":"post_tag","embeddable":true,"href":"https:\/\/www.biblia.work\/comentario\/wp-json\/wp\/v2\/tags?post=10334"}],"curies":[{"name":"wp","href":"https:\/\/api.w.org\/{rel}","templated":true}]}}