{"id":1038,"date":"2022-06-19T08:09:45","date_gmt":"2022-06-19T13:09:45","guid":{"rendered":"https:\/\/www.biblia.work\/comentario\/comentario-de-genesis-2517-exegesis-y-hermeneutica-de-la-biblia\/"},"modified":"2022-06-19T08:09:45","modified_gmt":"2022-06-19T13:09:45","slug":"comentario-de-genesis-2517-exegesis-y-hermeneutica-de-la-biblia","status":"publish","type":"post","link":"https:\/\/www.biblia.work\/comentario\/comentario-de-genesis-2517-exegesis-y-hermeneutica-de-la-biblia\/","title":{"rendered":"Comentario de G\u00e9nesis 25:17 &#8211; Ex\u00e9gesis y Hermen\u00e9utica de la Biblia"},"content":{"rendered":"<h3 align='center'><b><i>Los a\u00f1os de la vida de Ismael fueron 137, y falleci\u00f3 y fue reunido a su pueblo.<\/i><\/b><\/h3>\n<p>A\u00f1o 1773 a.C.<\/p>\n<p>\n<b><i>Estos fueron los a\u00f1os.<\/i><\/b> <span class='bible'>G\u00e9n 25:7<\/span>, <span class='bible'>G\u00e9n 25:8<\/span>.<\/p>\n<p><b><i>y fue unido a su pueblo.<\/i><\/b> <span class='bible'>G\u00e9n 15:15<\/span>.<\/p>\n<h3 align='right'><i><b>Fuente: El Tesoro del Conocimiento B\u00edblico<\/b><\/i><\/h3>\n<p lang=\"es-ES\" style=\"text-indent:18pt;margin-left:0pt;margin-top:0pt;margin-bottom:0pt;margin-right:0pt\"><b>Ismael \u2026 muri\u00f3:<\/b>\u00a0Esta acotaci\u00f3n de la muerte de Ismael, luego de una larga vida, es una marca de importancia por parte del narrador. La historia principal se centra en Isaac pero no por eso debemos olvidar a Ismael.<\/p>\n<p><\/p>\n<h3 align='right'><i><b>Fuente: Nuevo Comentario Ilustrado de la Biblia Caribe<\/b><\/i><\/h3>\n<p><b>ISMAEL&#8230; FUE UNIDO A SU PUEBLO.<\/b> Esto sugiere que Ismael confi\u00f3 en Dios y recibi\u00f3 la herencia espiritual de su padre y de todos los que murieron en la fe (cf. la nota anterior).<\/p>\n<h3 align='right'><i><b>Fuente: Biblia de Estudio Vida Plena<\/b><\/i><\/h3>\n<p>REFERENCIAS CRUZADAS<\/p>\n<p>z 1046 G\u00e9n 25:8<\/p>\n<h3 align='right'><i><b>Fuente: Traducci\u00f3n del Nuevo Mundo<\/b><\/i><\/h3>\n<p> Lit., <i>sus parientes<\/i> <\/p>\n<h3 align='right'><i><b>Fuente: La Biblia de las Am\u00e9ricas<\/b><\/i><\/h3>\n","protected":false},"excerpt":{"rendered":"<p>Los a\u00f1os de la vida de Ismael fueron 137, y falleci\u00f3 y fue reunido a su pueblo. A\u00f1o 1773 a.C. Estos fueron los a\u00f1os. G\u00e9n 25:7, G\u00e9n 25:8. y fue unido a su pueblo. G\u00e9n 15:15. Fuente: El Tesoro del Conocimiento B\u00edblico Ismael \u2026 muri\u00f3:\u00a0Esta acotaci\u00f3n de la muerte de Ismael, luego de una larga &hellip; <a href=\"https:\/\/www.biblia.work\/comentario\/comentario-de-genesis-2517-exegesis-y-hermeneutica-de-la-biblia\/\" class=\"more-link\">Continuar leyendo<span class=\"screen-reader-text\"> \u00abComentario de G\u00e9nesis 25:17 &#8211; Ex\u00e9gesis y Hermen\u00e9utica de la Biblia\u00bb<\/span><\/a><\/p>\n","protected":false},"author":1,"featured_media":0,"comment_status":"","ping_status":"","sticky":false,"template":"","format":"standard","meta":{"footnotes":""},"categories":[1],"tags":[],"class_list":["post-1038","post","type-post","status-publish","format-standard","hentry","category-comentario"],"_links":{"self":[{"href":"https:\/\/www.biblia.work\/comentario\/wp-json\/wp\/v2\/posts\/1038","targetHints":{"allow":["GET"]}}],"collection":[{"href":"https:\/\/www.biblia.work\/comentario\/wp-json\/wp\/v2\/posts"}],"about":[{"href":"https:\/\/www.biblia.work\/comentario\/wp-json\/wp\/v2\/types\/post"}],"author":[{"embeddable":true,"href":"https:\/\/www.biblia.work\/comentario\/wp-json\/wp\/v2\/users\/1"}],"replies":[{"embeddable":true,"href":"https:\/\/www.biblia.work\/comentario\/wp-json\/wp\/v2\/comments?post=1038"}],"version-history":[{"count":0,"href":"https:\/\/www.biblia.work\/comentario\/wp-json\/wp\/v2\/posts\/1038\/revisions"}],"wp:attachment":[{"href":"https:\/\/www.biblia.work\/comentario\/wp-json\/wp\/v2\/media?parent=1038"}],"wp:term":[{"taxonomy":"category","embeddable":true,"href":"https:\/\/www.biblia.work\/comentario\/wp-json\/wp\/v2\/categories?post=1038"},{"taxonomy":"post_tag","embeddable":true,"href":"https:\/\/www.biblia.work\/comentario\/wp-json\/wp\/v2\/tags?post=1038"}],"curies":[{"name":"wp","href":"https:\/\/api.w.org\/{rel}","templated":true}]}}