{"id":1049,"date":"2022-06-19T08:10:04","date_gmt":"2022-06-19T13:10:04","guid":{"rendered":"https:\/\/www.biblia.work\/comentario\/comentario-de-genesis-2525-exegesis-y-hermeneutica-de-la-biblia\/"},"modified":"2022-06-19T08:10:04","modified_gmt":"2022-06-19T13:10:04","slug":"comentario-de-genesis-2525-exegesis-y-hermeneutica-de-la-biblia","status":"publish","type":"post","link":"https:\/\/www.biblia.work\/comentario\/comentario-de-genesis-2525-exegesis-y-hermeneutica-de-la-biblia\/","title":{"rendered":"Comentario de G\u00e9nesis 25:25 &#8211; Ex\u00e9gesis y Hermen\u00e9utica de la Biblia"},"content":{"rendered":"<h3 align='center'><b><i>Y sali\u00f3 el primero, rojizo y todo velludo como una t\u00fanica de pieles, y llamaron su nombre Esa\u00fa.<\/i><\/b><\/h3>\n<p><b><i>Esa\u00fa.<\/i><\/b> <span class='bible'>G\u00e9n 27:11<\/span>, <span class='bible'>G\u00e9n 27:16<\/span>, <span class='bible'>G\u00e9n 27:23<\/span>.<\/p>\n<h3 align='right'><i><b>Fuente: El Tesoro del Conocimiento B\u00edblico<\/b><\/i><\/h3>\n<p lang=\"es-ES\" style=\"text-indent:18pt;margin-left:0pt;margin-top:0pt;margin-bottom:0pt;margin-right:0pt\">La pronunciaci\u00f3n en hebreo del nombre\u00a0<b>Esa\u00fa<\/b>\u00a0es similar a la de \u00abvelludo\u00bb.<\/p>\n<p><\/p>\n<h3 align='right'><i><b>Fuente: Nuevo Comentario Ilustrado de la Biblia Caribe<\/b><\/i><\/h3>\n<p><b>DOS NACIONES.<\/b> Las dos naciones eran los israelitas (los descendientes de Jacob) y los edomitas (los descendientes de Esa\u00fa). La hostilidad y la contienda caracterizaron posteriormente la relaci\u00f3n entre esas dos naciones (e.g., <span class=\"bible\">N\u00fam 20:14-21<\/span>; <span class=\"bible\">2Sa 8:14<\/span>; <span class=\"bible\">Sal 137:7<\/span>).<\/p>\n<h3 align='right'><i><b>Fuente: Biblia de Estudio Vida Plena<\/b><\/i><\/h3>\n<p><b>rubio.<\/b> Esto constituir\u00eda la base ling\u00fc\u00edstica para llamar \u00abEdom\u00bb al pa\u00eds de Esa\u00fa.<\/p>\n<h3 align='right'><i><b>Fuente: Biblia de Estudio MacArthur<\/b><\/i><\/h3>\n<p><i><b>\u2014 lo llamaron Esa\u00fa:<\/b><\/i> Etimolog\u00eda popular ya que existe un cierto parecido entre la palabra hebrea que traducimos por velludo -sear- y el nombre de Esa\u00fa, tambi\u00e9n conocido como Seir y Edom.<\/p>\n<h3 align='right'><i><b>Fuente: Traducci\u00f3n Interconfesional HispanoAmericana<\/b><\/i><\/h3>\n<p>NOTAS<\/p>\n<p>(1) Que significa: \u201cVelludo\u201d. Heb.: \u201bE\u00b7s\u00e1w.<\/p>\n<p>REFERENCIAS CRUZADAS<\/p>\n<p>p 1063 G\u00e9n 27:11; 2Re 1:8; Zac 13:4<\/p>\n<p>q 1064 G\u00e9n 27:32; G\u00e9n 36:9; Mal 1:3<\/p>\n<h3 align='right'><i><b>Fuente: Traducci\u00f3n del Nuevo Mundo<\/b><\/i><\/h3>\n<p><p> rojizo&#8230;velludo.   Rojizo  (heb.  admoni) infiere a los edomitas descendientes de Esa\u00fa;  velludo  (heb.  sear)  se\u00f1ala al monte Seir donde Esa\u00fa vivi\u00f3 despu\u00e9s (36:8)  Esa\u00fa&#8230;Jacob.  Conflictos entre las naciones representadas por  Esa\u00fa y Jacob  fueron predichos antes de que nacieran (vers. 23). El hecho de que Dios anunciara la elecci\u00f3n de  Jacob  antes de que naciera, es una prueba de que la elecci\u00f3n no fue por nada que hicieran o merecieran  Jacob  ni  Esa\u00fa,  sino que era el resultado de la soberan\u00eda de Dios (cp. <span>Mal 1:2<\/span>, 3; Ro 9:10\u2013 18).  Jacob  (heb.,  ya\u2019 aqob) es un juego de palabras con  calca\u00f1ar  (heb.,  aqueb ) y origin\u00f3 una etimolog\u00eda popular para el nombre de alguien con fama de enga\u00f1ador que est\u00e1 siempre mordisqueando el  calca\u00f1ar de su hermano  (27:36; cp. Os 2:3).<\/p>\n<p><h3 align='right'><i><b>Fuente: La Biblia de las Am\u00e9ricas<\/b><\/i><\/h3>\n<p><b><i>rubio<\/i><\/b>. Heb., <b><i>admoni<\/i><\/b> que significa \u00abrojo\u00bb o \u00abrojizo\u00bb y prev\u00e9 el juego de palabras con el otro nombre de Esa\u00fa, Edom, que significa \u00abrojo\u00bb (cp. v. <span class='bible'>G\u00e9n 25:30<\/span>).<\/p>\n<p><b><i>velludo<\/i><\/b> era una paronomasia hebrea con el nombre de Esa\u00fa.<\/p>\n<h3 align='right'><i><b>Fuente: Biblia de Estudio Anotada por Ryrie<\/b><\/i><\/h3>\n<p> O, <i>pelirrojo<\/i> <\/p>\n<p><p>  I.e., velludo <\/p>\n<h3 align='right'><i><b>Fuente: La Biblia de las Am\u00e9ricas<\/b><\/i><\/h3>\n","protected":false},"excerpt":{"rendered":"<p>Y sali\u00f3 el primero, rojizo y todo velludo como una t\u00fanica de pieles, y llamaron su nombre Esa\u00fa. Esa\u00fa. G\u00e9n 27:11, G\u00e9n 27:16, G\u00e9n 27:23. Fuente: El Tesoro del Conocimiento B\u00edblico La pronunciaci\u00f3n en hebreo del nombre\u00a0Esa\u00fa\u00a0es similar a la de \u00abvelludo\u00bb. Fuente: Nuevo Comentario Ilustrado de la Biblia Caribe DOS NACIONES. Las dos naciones &hellip; <a href=\"https:\/\/www.biblia.work\/comentario\/comentario-de-genesis-2525-exegesis-y-hermeneutica-de-la-biblia\/\" class=\"more-link\">Continuar leyendo<span class=\"screen-reader-text\"> \u00abComentario de G\u00e9nesis 25:25 &#8211; Ex\u00e9gesis y Hermen\u00e9utica de la Biblia\u00bb<\/span><\/a><\/p>\n","protected":false},"author":1,"featured_media":0,"comment_status":"","ping_status":"","sticky":false,"template":"","format":"standard","meta":{"footnotes":""},"categories":[1],"tags":[],"class_list":["post-1049","post","type-post","status-publish","format-standard","hentry","category-comentario"],"_links":{"self":[{"href":"https:\/\/www.biblia.work\/comentario\/wp-json\/wp\/v2\/posts\/1049","targetHints":{"allow":["GET"]}}],"collection":[{"href":"https:\/\/www.biblia.work\/comentario\/wp-json\/wp\/v2\/posts"}],"about":[{"href":"https:\/\/www.biblia.work\/comentario\/wp-json\/wp\/v2\/types\/post"}],"author":[{"embeddable":true,"href":"https:\/\/www.biblia.work\/comentario\/wp-json\/wp\/v2\/users\/1"}],"replies":[{"embeddable":true,"href":"https:\/\/www.biblia.work\/comentario\/wp-json\/wp\/v2\/comments?post=1049"}],"version-history":[{"count":0,"href":"https:\/\/www.biblia.work\/comentario\/wp-json\/wp\/v2\/posts\/1049\/revisions"}],"wp:attachment":[{"href":"https:\/\/www.biblia.work\/comentario\/wp-json\/wp\/v2\/media?parent=1049"}],"wp:term":[{"taxonomy":"category","embeddable":true,"href":"https:\/\/www.biblia.work\/comentario\/wp-json\/wp\/v2\/categories?post=1049"},{"taxonomy":"post_tag","embeddable":true,"href":"https:\/\/www.biblia.work\/comentario\/wp-json\/wp\/v2\/tags?post=1049"}],"curies":[{"name":"wp","href":"https:\/\/api.w.org\/{rel}","templated":true}]}}