{"id":10833,"date":"2022-06-19T22:23:57","date_gmt":"2022-06-20T03:23:57","guid":{"rendered":"https:\/\/www.biblia.work\/comentario\/comentario-de-2-reyes-242-exegesis-y-hermeneutica-de-la-biblia\/"},"modified":"2022-06-19T22:23:57","modified_gmt":"2022-06-20T03:23:57","slug":"comentario-de-2-reyes-242-exegesis-y-hermeneutica-de-la-biblia","status":"publish","type":"post","link":"https:\/\/www.biblia.work\/comentario\/comentario-de-2-reyes-242-exegesis-y-hermeneutica-de-la-biblia\/","title":{"rendered":"Comentario de 2 Reyes 24:2 &#8211; Ex\u00e9gesis y Hermen\u00e9utica de la Biblia"},"content":{"rendered":"<h3 align='center'><b><i>Entonces Jehovah envi\u00f3 contra \u00e9l tropas de los caldeos, de los sirios, de los moabitas y de los amonitas; y las envi\u00f3 contra Jud\u00e1 para destruirla, conforme a la palabra que Jehovah hab\u00eda hablado por medio de sus siervos los profetas.<\/i><\/b><\/h3>\n<p><b><i>Pero Jehov\u00e1.<\/i><\/b> <span class='bible'>2Re 6:23<\/span>; <span class='bible'>2Re 13:20<\/span>, <span class='bible'>2Re 13:21<\/span>; <span class='bible'>Deu 28:49<\/span>, <span class='bible'>Deu 28:50<\/span>; <span class='bible'>2Cr 33:11<\/span>; <span class='bible'>Job 1:17<\/span>; <span class='bible'>Isa 7:17<\/span>; <span class='bible'>Isa 13:5<\/span>; <span class='bible'>Jer 35:11<\/span>; <span class='bible'>Eze 19:8<\/span>.<\/p>\n<p><b><i>conforme.<\/i><\/b> <span class='bible'>2Re 20:17<\/span>; <span class='bible'>2Re 21:12-14<\/span>; <span class='bible'>2Re 23:27<\/span>; <span class='bible'>Isa 6:11<\/span>, <span class='bible'>Isa 6:12<\/span>; <span class='bible'>Jer 25:9<\/span>; <span class='bible'>Jer 26:6<\/span>, <span class='bible'>Jer 26:20<\/span>; <span class='bible'>Jer 32:28<\/span>; <span class='bible'>Miq 3:12<\/span>.<\/p>\n<h3 align='right'><i><b>Fuente: El Tesoro del Conocimiento B\u00edblico<\/b><\/i><\/h3>\n<p lang=\"es-ES\" style=\"text-indent:18pt;margin-left:0pt;margin-top:0pt;margin-bottom:0pt;margin-right:0pt\">El nombre de los\u00a0<b>caldeos<\/b>\u00a0originalmente se aplicaba a ciertos habitantes del sur de Mesopotamia. Pero durante la \u00e9poca neo-babil\u00f3nica, el t\u00e9rmino caldeo identificaba a los babilonios y Babilonia era llamada Caldea. Despu\u00e9s de la ca\u00edda de los caldeos o de los neo-babilonios, se us\u00f3 el t\u00e9rmino caldeo para denotar la idea de \u00abadivino\u00bb (<\/span><span style=\"color:#008000\"><span class='bible'>Dan 2:2<\/span><\/span>). En este vers\u00edculo, la palabra se refiere al sentido \u00e9tnico. No s\u00f3lo los caldeos sino que ambos pa\u00edses acosaron a Jud\u00e1.<\/span><\/p>\n<p><\/p>\n<h3 align='right'><i><b>Fuente: Nuevo Comentario Ilustrado de la Biblia Caribe<\/b><\/i><\/h3>\n<p><b>CONFORME A LA PALABRA DE JEHOV\u00c1.<\/b> Se hab\u00eda profetizado ciento cincuenta a\u00f1os antes que ocurriera el cautiverio del reino del sur por parte de Babilonia (<span class=\"bible\">Isa 6:11-12<\/span>; <span class=\"bible\">Isa 39:6<\/span>). Jerem\u00edas profetiz\u00f3 que durar\u00eda setenta a\u00f1os (<span class=\"bible\">Jer 25:11-12<\/span>).<\/p>\n<h3 align='right'><i><b>Fuente: Biblia de Estudio Vida Plena<\/b><\/i><\/h3>\n<p><b>Jehov\u00e1 envi\u00f3 \u2026 tropas.<\/b> Como castigo por la desobediencia de Joacim a la palabra del Se\u00f1or por medio de su profeta Jerem\u00edas, el Se\u00f1or envi\u00f3 tropas babil\u00f3nicas, junto con las tropas de otras naciones leales, para infligir derrotas militares a Jud\u00e1.<\/p>\n<h3 align='right'><i><b>Fuente: Biblia de Estudio MacArthur<\/b><\/i><\/h3>\n<p>NOTAS<\/p>\n<p>(1) \u201cSirios\u201d, MLXXVg; Sy: \u201cedomitas\u201d.<\/p>\n<p>REFERENCIAS CRUZADAS<\/p>\n<p>c 1586 Deu 28:63; Job 1:17; Hab 1:6<\/p>\n<p>d 1587 2Re 13:20<\/p>\n<p>e 1588 Lev 26:27; Deu 28:15; 2Re 23:27<\/p>\n<h3 align='right'><i><b>Fuente: Traducci\u00f3n del Nuevo Mundo<\/b><\/i><\/h3>\n<p> Lit., <i>\u00e9l<\/i> <\/p>\n<p><p>  Lit., <i>mano<\/i> <\/p>\n<h3 align='right'><i><b>Fuente: La Biblia de las Am\u00e9ricas<\/b><\/i><\/h3>\n<p>[=] *Is 5:26    *Jer 1:14<\/p>\n<h3 align='right'><i><b>Fuente: Notas de la Biblia Latinoamericana<\/b><\/i><\/h3>\n","protected":false},"excerpt":{"rendered":"<p>Entonces Jehovah envi\u00f3 contra \u00e9l tropas de los caldeos, de los sirios, de los moabitas y de los amonitas; y las envi\u00f3 contra Jud\u00e1 para destruirla, conforme a la palabra que Jehovah hab\u00eda hablado por medio de sus siervos los profetas. Pero Jehov\u00e1. 2Re 6:23; 2Re 13:20, 2Re 13:21; Deu 28:49, Deu 28:50; 2Cr 33:11; &hellip; <a href=\"https:\/\/www.biblia.work\/comentario\/comentario-de-2-reyes-242-exegesis-y-hermeneutica-de-la-biblia\/\" class=\"more-link\">Continuar leyendo<span class=\"screen-reader-text\"> \u00abComentario de 2 Reyes 24:2 &#8211; Ex\u00e9gesis y Hermen\u00e9utica de la Biblia\u00bb<\/span><\/a><\/p>\n","protected":false},"author":1,"featured_media":0,"comment_status":"","ping_status":"","sticky":false,"template":"","format":"standard","meta":{"footnotes":""},"categories":[1],"tags":[],"class_list":["post-10833","post","type-post","status-publish","format-standard","hentry","category-comentario"],"_links":{"self":[{"href":"https:\/\/www.biblia.work\/comentario\/wp-json\/wp\/v2\/posts\/10833","targetHints":{"allow":["GET"]}}],"collection":[{"href":"https:\/\/www.biblia.work\/comentario\/wp-json\/wp\/v2\/posts"}],"about":[{"href":"https:\/\/www.biblia.work\/comentario\/wp-json\/wp\/v2\/types\/post"}],"author":[{"embeddable":true,"href":"https:\/\/www.biblia.work\/comentario\/wp-json\/wp\/v2\/users\/1"}],"replies":[{"embeddable":true,"href":"https:\/\/www.biblia.work\/comentario\/wp-json\/wp\/v2\/comments?post=10833"}],"version-history":[{"count":0,"href":"https:\/\/www.biblia.work\/comentario\/wp-json\/wp\/v2\/posts\/10833\/revisions"}],"wp:attachment":[{"href":"https:\/\/www.biblia.work\/comentario\/wp-json\/wp\/v2\/media?parent=10833"}],"wp:term":[{"taxonomy":"category","embeddable":true,"href":"https:\/\/www.biblia.work\/comentario\/wp-json\/wp\/v2\/categories?post=10833"},{"taxonomy":"post_tag","embeddable":true,"href":"https:\/\/www.biblia.work\/comentario\/wp-json\/wp\/v2\/tags?post=10833"}],"curies":[{"name":"wp","href":"https:\/\/api.w.org\/{rel}","templated":true}]}}