{"id":1113,"date":"2022-06-19T08:11:18","date_gmt":"2022-06-19T13:11:18","guid":{"rendered":"https:\/\/www.biblia.work\/comentario\/comentario-de-genesis-2626-exegesis-y-hermeneutica-de-la-biblia\/"},"modified":"2022-06-19T08:11:18","modified_gmt":"2022-06-19T13:11:18","slug":"comentario-de-genesis-2626-exegesis-y-hermeneutica-de-la-biblia","status":"publish","type":"post","link":"https:\/\/www.biblia.work\/comentario\/comentario-de-genesis-2626-exegesis-y-hermeneutica-de-la-biblia\/","title":{"rendered":"Comentario de G\u00e9nesis 26:26 &#8211; Ex\u00e9gesis y Hermen\u00e9utica de la Biblia"},"content":{"rendered":"<h3 align='center'><b><i>Entonces fue a \u00e9l Abimelec, desde Gerar, acompa\u00f1ado por Ajuzat, amigo suyo, y Ficol, jefe de su ej\u00e9rcito.<\/i><\/b><\/h3>\n<p><b><i>Abimelec.<\/i><\/b> <span class='bible'>G\u00e9n 20:3<\/span>; <span class='bible'>G\u00e9n 21:22-32<\/span>.<\/p>\n<p><b><i>Ficol.<\/i><\/b> tanto como Abimelec, \u2018padre rey\u2019, parece haber sido un nombre o un t\u00edtulo de dignidad entre los filisteos; ya que es poco probable que eran los mismos que se mencionan en los d\u00edas de Abraham (cap. <span class='bible'>G\u00e9n 21:22<\/span>, <span class='bible'>G\u00e9n 21:32<\/span>.).<\/p>\n<h3 align='right'><i><b>Fuente: El Tesoro del Conocimiento B\u00edblico<\/b><\/i><\/h3>\n<p lang=\"es-ES\" style=\"text-indent:18pt;margin-left:0pt;margin-top:0pt;margin-bottom:0pt;margin-right:0pt\"><b>Abimelec vino<\/b>\u00a0amistosamente a terminar con los conflictos entre su gente y la familia de Isaac, porque reconoc\u00eda la bendici\u00f3n de Dios sobre \u00e9l (vv.<\/span> <span style=\"color:#008000\"><span class='bible'>G\u00e9n 26:28<\/span><\/span>,<\/span> <span style=\"color:#008000\"><span class='bible'>G\u00e9n 26:29<\/span><\/span>).<\/span><\/p>\n<p> <\/p>\n<p lang=\"es-ES\" style=\"text-indent:18pt;margin-left:0pt;margin-top:0pt;margin-bottom:0pt;margin-right:0pt\"><b>Ahuzat \u2026 y Ficol<\/b>\u00a0acompa\u00f1aban a Abimelec para servir de testigos del acuerdo.<\/p>\n<p><\/p>\n<h3 align='right'><i><b>Fuente: Nuevo Comentario Ilustrado de la Biblia Caribe<\/b><\/i><\/h3>\n<p><b>Abimelec \u2026 y F\u00edcol.<\/b> Debido a que hab\u00edan transcurrido noventa a\u00f1os desde que Abraham hab\u00eda recibido unos visitantes con los mismos nombres, debe tratarse de t\u00edtulos y no de nombres propios (cp. <span class='bible'>G\u00e9n 21:22<\/span>). Vea la nota sobre el v. <span class='bible'>G\u00e9n 26:1<\/span>.<\/p>\n<h3 align='right'><i><b>Fuente: Biblia de Estudio MacArthur<\/b><\/i><\/h3>\n<p>Acerca de esta alianza de Isaac con Abim\u00e9lec, ver nota <span class='bible'>G\u00e9n 21:22-34<\/span>.<\/p>\n<h3 align='right'><i><b>Fuente: Traducci\u00f3n Interconfesional HispanoAmericana<\/b><\/i><\/h3>\n<p><i><b>\u2014 amigo:<\/b><\/i> La palabra hebrea traducida por amigo podr\u00eda tambi\u00e9n corresponder al t\u00edtulo de un funcionario del rey, por ejemplo, al de un consejero. Ver <span class='bible'>G\u00e9n 21:22<\/span>.<\/p>\n<h3 align='right'><i><b>Fuente: Traducci\u00f3n Interconfesional HispanoAmericana<\/b><\/i><\/h3>\n<p>REFERENCIAS CRUZADAS<\/p>\n<p>m 1116 G\u00e9n 21:32<\/p>\n<h3 align='right'><i><b>Fuente: Traducci\u00f3n del Nuevo Mundo<\/b><\/i><\/h3>\n<p>Abimelec, por temor a las represalias de Isaac (cp. vv. <span class='bible'>G\u00e9n 26:15-16<\/span>), procur\u00f3 y obtuvo un acuerdo de Isaac de vivir en paz (cp. tambi\u00e9n <span class='bible'>G\u00e9n 21:22-32<\/span>).<\/p>\n<h3 align='right'><i><b>Fuente: Biblia de Estudio Anotada por Ryrie<\/b><\/i><\/h3>\n<p><i><b>Abimelec&#8230;<\/b><\/i> \u2192 <span class=\"bible\">G\u00e9n 21:22<\/span>.<\/span><\/p>\n<h3 align='right'><i><b>Fuente: Biblia Textual IV Edici\u00f3n<\/b><\/i><\/h3>\n<p> Lit., <i>y su amigo \u00edntimo<\/i> <\/p>\n<h3 align='right'><i><b>Fuente: La Biblia de las Am\u00e9ricas<\/b><\/i><\/h3>\n<p> g G\u00e9n_21:22<\/p>\n<h3 align='right'><i><b>Fuente: La Biblia Textual III Edici\u00f3n<\/b><\/i><\/h3>\n","protected":false},"excerpt":{"rendered":"<p>Entonces fue a \u00e9l Abimelec, desde Gerar, acompa\u00f1ado por Ajuzat, amigo suyo, y Ficol, jefe de su ej\u00e9rcito. Abimelec. G\u00e9n 20:3; G\u00e9n 21:22-32. Ficol. tanto como Abimelec, \u2018padre rey\u2019, parece haber sido un nombre o un t\u00edtulo de dignidad entre los filisteos; ya que es poco probable que eran los mismos que se mencionan en &hellip; <a href=\"https:\/\/www.biblia.work\/comentario\/comentario-de-genesis-2626-exegesis-y-hermeneutica-de-la-biblia\/\" class=\"more-link\">Continuar leyendo<span class=\"screen-reader-text\"> \u00abComentario de G\u00e9nesis 26:26 &#8211; Ex\u00e9gesis y Hermen\u00e9utica de la Biblia\u00bb<\/span><\/a><\/p>\n","protected":false},"author":1,"featured_media":0,"comment_status":"","ping_status":"","sticky":false,"template":"","format":"standard","meta":{"footnotes":""},"categories":[1],"tags":[],"class_list":["post-1113","post","type-post","status-publish","format-standard","hentry","category-comentario"],"_links":{"self":[{"href":"https:\/\/www.biblia.work\/comentario\/wp-json\/wp\/v2\/posts\/1113","targetHints":{"allow":["GET"]}}],"collection":[{"href":"https:\/\/www.biblia.work\/comentario\/wp-json\/wp\/v2\/posts"}],"about":[{"href":"https:\/\/www.biblia.work\/comentario\/wp-json\/wp\/v2\/types\/post"}],"author":[{"embeddable":true,"href":"https:\/\/www.biblia.work\/comentario\/wp-json\/wp\/v2\/users\/1"}],"replies":[{"embeddable":true,"href":"https:\/\/www.biblia.work\/comentario\/wp-json\/wp\/v2\/comments?post=1113"}],"version-history":[{"count":0,"href":"https:\/\/www.biblia.work\/comentario\/wp-json\/wp\/v2\/posts\/1113\/revisions"}],"wp:attachment":[{"href":"https:\/\/www.biblia.work\/comentario\/wp-json\/wp\/v2\/media?parent=1113"}],"wp:term":[{"taxonomy":"category","embeddable":true,"href":"https:\/\/www.biblia.work\/comentario\/wp-json\/wp\/v2\/categories?post=1113"},{"taxonomy":"post_tag","embeddable":true,"href":"https:\/\/www.biblia.work\/comentario\/wp-json\/wp\/v2\/tags?post=1113"}],"curies":[{"name":"wp","href":"https:\/\/api.w.org\/{rel}","templated":true}]}}