{"id":1162,"date":"2022-06-19T08:12:25","date_gmt":"2022-06-19T13:12:25","guid":{"rendered":"https:\/\/www.biblia.work\/comentario\/comentario-de-genesis-2718-exegesis-y-hermeneutica-de-la-biblia\/"},"modified":"2022-06-19T08:12:25","modified_gmt":"2022-06-19T13:12:25","slug":"comentario-de-genesis-2718-exegesis-y-hermeneutica-de-la-biblia","status":"publish","type":"post","link":"https:\/\/www.biblia.work\/comentario\/comentario-de-genesis-2718-exegesis-y-hermeneutica-de-la-biblia\/","title":{"rendered":"Comentario de G\u00e9nesis 27:18 &#8211; Ex\u00e9gesis y Hermen\u00e9utica de la Biblia"},"content":{"rendered":"<h3 align='center'><b><i>Y \u00e9l fue a su padre y le dijo: \u2014Padre m\u00edo. El respondi\u00f3: \u2014Heme aqu\u00ed. \u00bfQui\u00e9n eres, hijo m\u00edo?<\/i><\/b><\/h3>\n<p>Jacob tuvo que apelar a la mentira (vv. <span class='bible'>G\u00e9n 27:19<\/span>; <span class='bible'>G\u00e9n 27:24<\/span>) e Isaac permiti\u00f3 que sus sentidos del tacto (v. <span class='bible'>G\u00e9n 27:22<\/span>), el gusto (v. <span class='bible'>G\u00e9n 27:25<\/span>), y el olfato (v. <span class='bible'>G\u00e9n 27:27<\/span>) anulasen lo que hab\u00eda o\u00eddo (v. <span class='bible'>G\u00e9n 27:22<\/span>). La bendici\u00f3n inclu\u00eda una invocaci\u00f3n del favor divino (v. <span class='bible'>G\u00e9n 27:28<\/span>) y una predicci\u00f3n (v. <span class='bible'>G\u00e9n 27:29<\/span>).<\/p>\n<p>\n<b><i>s\u00e9 se\u00f1or de tus hermanos<\/i><\/b> significaba que Jacob ser\u00eda el cabeza de su familia (cp. <span class='bible'>G\u00e9n 25:23<\/span>).<\/p>\n<p><b><i>Malditos\u2026 benditos<\/i><\/b>. Repite <span class='bible'>G\u00e9n 12:3<\/span>.<\/p>\n<h3 align='right'><i><b>Fuente: Biblia de Estudio Anotada por Ryrie<\/b><\/i><\/h3>\n","protected":false},"excerpt":{"rendered":"<p>Y \u00e9l fue a su padre y le dijo: \u2014Padre m\u00edo. El respondi\u00f3: \u2014Heme aqu\u00ed. \u00bfQui\u00e9n eres, hijo m\u00edo? Jacob tuvo que apelar a la mentira (vv. G\u00e9n 27:19; G\u00e9n 27:24) e Isaac permiti\u00f3 que sus sentidos del tacto (v. G\u00e9n 27:22), el gusto (v. G\u00e9n 27:25), y el olfato (v. G\u00e9n 27:27) anulasen lo &hellip; <a href=\"https:\/\/www.biblia.work\/comentario\/comentario-de-genesis-2718-exegesis-y-hermeneutica-de-la-biblia\/\" class=\"more-link\">Continuar leyendo<span class=\"screen-reader-text\"> \u00abComentario de G\u00e9nesis 27:18 &#8211; Ex\u00e9gesis y Hermen\u00e9utica de la Biblia\u00bb<\/span><\/a><\/p>\n","protected":false},"author":1,"featured_media":0,"comment_status":"","ping_status":"","sticky":false,"template":"","format":"standard","meta":{"footnotes":""},"categories":[1],"tags":[],"class_list":["post-1162","post","type-post","status-publish","format-standard","hentry","category-comentario"],"_links":{"self":[{"href":"https:\/\/www.biblia.work\/comentario\/wp-json\/wp\/v2\/posts\/1162","targetHints":{"allow":["GET"]}}],"collection":[{"href":"https:\/\/www.biblia.work\/comentario\/wp-json\/wp\/v2\/posts"}],"about":[{"href":"https:\/\/www.biblia.work\/comentario\/wp-json\/wp\/v2\/types\/post"}],"author":[{"embeddable":true,"href":"https:\/\/www.biblia.work\/comentario\/wp-json\/wp\/v2\/users\/1"}],"replies":[{"embeddable":true,"href":"https:\/\/www.biblia.work\/comentario\/wp-json\/wp\/v2\/comments?post=1162"}],"version-history":[{"count":0,"href":"https:\/\/www.biblia.work\/comentario\/wp-json\/wp\/v2\/posts\/1162\/revisions"}],"wp:attachment":[{"href":"https:\/\/www.biblia.work\/comentario\/wp-json\/wp\/v2\/media?parent=1162"}],"wp:term":[{"taxonomy":"category","embeddable":true,"href":"https:\/\/www.biblia.work\/comentario\/wp-json\/wp\/v2\/categories?post=1162"},{"taxonomy":"post_tag","embeddable":true,"href":"https:\/\/www.biblia.work\/comentario\/wp-json\/wp\/v2\/tags?post=1162"}],"curies":[{"name":"wp","href":"https:\/\/api.w.org\/{rel}","templated":true}]}}