{"id":12795,"date":"2022-06-19T23:34:55","date_gmt":"2022-06-20T04:34:55","guid":{"rendered":"https:\/\/www.biblia.work\/comentario\/comentario-de-esdras-615-exegesis-y-hermeneutica-de-la-biblia\/"},"modified":"2022-06-19T23:34:55","modified_gmt":"2022-06-20T04:34:55","slug":"comentario-de-esdras-615-exegesis-y-hermeneutica-de-la-biblia","status":"publish","type":"post","link":"https:\/\/www.biblia.work\/comentario\/comentario-de-esdras-615-exegesis-y-hermeneutica-de-la-biblia\/","title":{"rendered":"Comentario de Esdras 6:15 &#8211; Ex\u00e9gesis y Hermen\u00e9utica de la Biblia"},"content":{"rendered":"<h3 align='center'><b><i>Y este templo fue terminado el tercer d\u00eda del mes de Adar del sexto a\u00f1o del reinado del rey Dar\u00edo.<\/i><\/b><\/h3>\n<p><b><i>A\u00f1o 515 a.C. Mes de Adar.<\/i><\/b> <span class='bible'>Est 3:7<\/span>, <span class='bible'>Est 3:13<\/span>; <span class='bible'>Est 8:12<\/span>; <span class='bible'>Est 9:1<\/span>, <span class='bible'>Est 9:15<\/span>, <span class='bible'>Est 9:17<\/span>, <span class='bible'>Est 9:19<\/span>, <span class='bible'>Est 9:21<\/span>.<\/p>\n<h3 align='right'><i><b>Fuente: El Tesoro del Conocimiento B\u00edblico<\/b><\/i><\/h3>\n<p lang=\"es-ES\" style=\"text-indent:18pt;margin-left:0pt;margin-top:0pt;margin-bottom:0pt;margin-right:0pt\">El Templo se termin\u00f3 en el 515 a.C. en\u00a0<b>Adar,<\/b>\u00a0en los meses de febrero-marzo.<\/p>\n<p> <\/p>\n<table cellspacing=\"0\" cellpadding=\"0pt\" style=\"width:432pt;border-collapse:collapse\">\n<colgroup>\n<col width=\"288\" \/>\n<col width=\"288\" \/><\/colgroup>\n<tr align=\"left\" valign=\"top\">\n<td style=\"width:215pt;border-top: 1pt solid #000000;border-right: 1pt solid #000000;border-bottom: 1pt solid #000000;border-left: 1pt solid #000000\">\n<p lang=\"es-ES\" style=\"text-indent:0pt;margin-left:0pt;margin-top:0pt;margin-bottom:0pt;margin-right:0pt\">\u00a0<b>PERSPECTIVA<\/b><\/p>\n<p> <\/td>\n<td style=\"width:215pt;border-top: 1pt solid #000000;border-right: 1pt solid #000000;border-bottom: 1pt solid #000000;border-left: 1pt solid #000000\">\n<p lang=\"es-ES\" style=\"text-indent:0pt;margin-left:0pt;margin-top:0pt;margin-bottom:0pt;margin-right:0pt\"><b>Religi\u00f3n del Estado<\/b><\/p>\n<p> <\/td>\n<\/tr>\n<\/table>\n<table cellspacing=\"0\" cellpadding=\"0pt\" style=\"width:432pt;border-collapse:collapse\">\n<colgroup>\n<col width=\"576\" \/><\/colgroup>\n<tr align=\"left\" valign=\"top\">\n<td style=\"width:431pt;border-top: 1pt solid #000000;border-right: 1pt solid #000000;border-bottom: 1pt solid #000000;border-left: 1pt solid #000000\">\n<p lang=\"es-ES\" style=\"text-indent:0pt;margin-left:0pt;margin-top:0pt;margin-bottom:0pt;margin-right:0pt\">En muchos pa\u00edses, los cristianos son una minor\u00eda y luchan para vivir bajo gobiernos opresivos o poco amables. En contraste, los jud\u00edos de la \u00e9poca de Esdras, que eran una minor\u00eda en el imperio persa, disfrutaban de la suficiente libertad para regresar a sus tierras y reconstruir su Templo (<\/span><span style=\"color:#008000\"><span class='bible'>Esd 6:3<\/span><\/span>,<\/span> <span style=\"color:#008000\"><span class='bible'>Esd 6:6<\/span><\/span>,<\/span> <span style=\"color:#008000\"><span class='bible'>Esd 6:7<\/span><\/span>). El estado persa apoy\u00f3 oficialmente su religi\u00f3n y contribuy\u00f3 con recursos para el proyecto del Templo (<\/span><span style=\"color:#008000\"><span class='bible'>Esd 6:4<\/span><\/span>,<\/span> <span style=\"color:#008000\"><span class='bible'>Esd 6:8-10<\/span><\/span>). Hay opiniones en el mundo absolutamente diferentes en cuanto al asunto de la religi\u00f3n apoyada por el estado. Pero sea o no que los gobiernos apoyen a los cristianos, las Escrituras los exhortan en cualquier lugar que se encuentren a orar por el gobierno bajo el que viven (<\/span><span style=\"color:#008000\"><span class='bible'>1Ti 2:1<\/span><\/span>,<\/span> <span style=\"color:#008000\"><span class='bible'>1Ti 2:2<\/span><\/span>).<\/span><\/p>\n<p> <\/td>\n<\/tr>\n<\/table>\n<h3 align='right'><i><b>Fuente: Nuevo Comentario Ilustrado de la Biblia Caribe<\/b><\/i><\/h3>\n<p><b>ESTA CASA FUE TERMINADA<\/b>. Se termin\u00f3 el templo en 516 a.C., veinti\u00fan a\u00f1os despu\u00e9s de haberse echado los cimientos (<span class=\"bible\">Esd 3:10<\/span>). El arca del pacto, que conten\u00eda las dos tablas de la ley, no estaba en el nuevo templo, habiendo sido aparentemente destruida antes, en alg\u00fan momento desconocido de la historia de Jud\u00e1.<\/p>\n<h3 align='right'><i><b>Fuente: Biblia de Estudio Vida Plena<\/b><\/i><\/h3>\n<p><b>Adar \u2026 sexto a\u00f1o.<\/b> El mes doce (febrero \/ marzo) en 516 a.C.<\/p>\n<h3 align='right'><i><b>Fuente: Biblia de Estudio MacArthur<\/b><\/i><\/h3>\n<p><i><b>\u2014 el tercer d\u00eda&#8230; el sexto a\u00f1o:<\/b><\/i> Podr\u00eda corresponder, m\u00e1s o menos, al 12 de marzo del 515 a. C. As\u00ed pues, la reconstrucci\u00f3n del Templo habr\u00eda durado cuatro a\u00f1os y tres meses, es decir, dos a\u00f1os y tres meses menos que el Templo de Salom\u00f3n.<\/p>\n<h3 align='right'><i><b>Fuente: Traducci\u00f3n Interconfesional HispanoAmericana<\/b><\/i><\/h3>\n<p>REFERENCIAS CRUZADAS<\/p>\n<p>u 328 Est 9:1<\/p>\n<h3 align='right'><i><b>Fuente: Traducci\u00f3n del Nuevo Mundo<\/b><\/i><\/h3>\n<p><p> el tercer d\u00eda&#8230;de Adar.  Esta fecha corresponde al 12 de marzo del 515 a.C., 70 a\u00f1os despu\u00e9s de la destrucci\u00f3n del templo. Seg\u00fan <span>Hag 1:14<\/span>, 15, la obra del templo hab\u00eda empezado el 24 de septiembre del 520 a.C. Por tanto, la obra en el edificio dur\u00f3 casi cinco a\u00f1os, sin contar el tiempo de la construcci\u00f3n del altar (3:2) y poner los cimientos (3:10\u2013 13). El templo de Salom\u00f3n tard\u00f3 7 a\u00f1os en construirse (1 R 6:37, 38).<\/p>\n<p><h3 align='right'><i><b>Fuente: La Biblia de las Am\u00e9ricas<\/b><\/i><\/h3>\n<p>El Templo fue terminado el 12 de marzo 515 a. C.<\/p>\n<h3 align='right'><i><b>Fuente: Biblia de Estudio Anotada por Ryrie<\/b><\/i><\/h3>\n<p><i><b>Adar&#8230;<\/b><\/i> Esto es, febrero\/marzo.<\/span><\/p>\n<h3 align='right'><i><b>Fuente: Biblia Textual IV Edici\u00f3n<\/b><\/i><\/h3>\n<p> Lit., <i>hasta el<\/i> <\/p>\n<h3 align='right'><i><b>Fuente: La Biblia de las Am\u00e9ricas<\/b><\/i><\/h3>\n<p>Esto es, Febrero-Marzo del 515 a C.<\/p>\n<h3 align='right'><i><b>Fuente: La Biblia Textual III Edici\u00f3n<\/b><\/i><\/h3>\n","protected":false},"excerpt":{"rendered":"<p>Y este templo fue terminado el tercer d\u00eda del mes de Adar del sexto a\u00f1o del reinado del rey Dar\u00edo. A\u00f1o 515 a.C. Mes de Adar. Est 3:7, Est 3:13; Est 8:12; Est 9:1, Est 9:15, Est 9:17, Est 9:19, Est 9:21. Fuente: El Tesoro del Conocimiento B\u00edblico El Templo se termin\u00f3 en el 515 &hellip; <a href=\"https:\/\/www.biblia.work\/comentario\/comentario-de-esdras-615-exegesis-y-hermeneutica-de-la-biblia\/\" class=\"more-link\">Continuar leyendo<span class=\"screen-reader-text\"> \u00abComentario de Esdras 6:15 &#8211; Ex\u00e9gesis y Hermen\u00e9utica de la Biblia\u00bb<\/span><\/a><\/p>\n","protected":false},"author":1,"featured_media":0,"comment_status":"","ping_status":"","sticky":false,"template":"","format":"standard","meta":{"footnotes":""},"categories":[1],"tags":[],"class_list":["post-12795","post","type-post","status-publish","format-standard","hentry","category-comentario"],"_links":{"self":[{"href":"https:\/\/www.biblia.work\/comentario\/wp-json\/wp\/v2\/posts\/12795","targetHints":{"allow":["GET"]}}],"collection":[{"href":"https:\/\/www.biblia.work\/comentario\/wp-json\/wp\/v2\/posts"}],"about":[{"href":"https:\/\/www.biblia.work\/comentario\/wp-json\/wp\/v2\/types\/post"}],"author":[{"embeddable":true,"href":"https:\/\/www.biblia.work\/comentario\/wp-json\/wp\/v2\/users\/1"}],"replies":[{"embeddable":true,"href":"https:\/\/www.biblia.work\/comentario\/wp-json\/wp\/v2\/comments?post=12795"}],"version-history":[{"count":0,"href":"https:\/\/www.biblia.work\/comentario\/wp-json\/wp\/v2\/posts\/12795\/revisions"}],"wp:attachment":[{"href":"https:\/\/www.biblia.work\/comentario\/wp-json\/wp\/v2\/media?parent=12795"}],"wp:term":[{"taxonomy":"category","embeddable":true,"href":"https:\/\/www.biblia.work\/comentario\/wp-json\/wp\/v2\/categories?post=12795"},{"taxonomy":"post_tag","embeddable":true,"href":"https:\/\/www.biblia.work\/comentario\/wp-json\/wp\/v2\/tags?post=12795"}],"curies":[{"name":"wp","href":"https:\/\/api.w.org\/{rel}","templated":true}]}}