{"id":15443,"date":"2022-06-20T01:10:05","date_gmt":"2022-06-20T06:10:05","guid":{"rendered":"https:\/\/www.biblia.work\/comentario\/comentario-de-salmos-607-exegesis-y-hermeneutica-de-la-biblia\/"},"modified":"2022-06-20T01:10:05","modified_gmt":"2022-06-20T06:10:05","slug":"comentario-de-salmos-607-exegesis-y-hermeneutica-de-la-biblia","status":"publish","type":"post","link":"https:\/\/www.biblia.work\/comentario\/comentario-de-salmos-607-exegesis-y-hermeneutica-de-la-biblia\/","title":{"rendered":"Comentario de Salmos 60:7 &#8211; Ex\u00e9gesis y Hermen\u00e9utica de la Biblia"},"content":{"rendered":"<h3 align='center'><b><i>M\u00edo es Galaad, y m\u00edo es Manas\u00e9s. Efra\u00edn es la fortaleza de mi cabeza; Jud\u00e1 es mi cetro.<\/i><\/b><\/h3>\n<p><b><i>M\u00edo es Galaad.<\/i><\/b> <span class='bible'>Jos 17:1<\/span>, <span class='bible'>Jos 17:5<\/span>, <span class='bible'>Jos 17:6<\/span>; <span class='bible'>1Cr 12:19<\/span>, <span class='bible'>1Cr 12:37<\/span>.<\/p>\n<p>\n<b><i>Efra\u00edn es la fortaleza de mi cabeza.<\/i><\/b> <span class='bible'>Deu 33:17<\/span>; <span class='bible'>1Sa 28:2<\/span>.<\/p>\n<p><b><i>Jud\u00e1, mi legislador.<\/i><\/b> <span class='bible'>G\u00e9n 49:10<\/span>.<\/p>\n<h3 align='right'><i><b>Fuente: El Tesoro del Conocimiento B\u00edblico<\/b><\/i><\/h3>\n<p><b>Galaad \u2026 Jud\u00e1.<\/b> Todos estos lugares geogr\u00e1ficos clave de Israel pertenec\u00edan en \u00faltimo t\u00e9rmino a Dios, que estaba m\u00e1s interesado que nadie en su bienestar. <b>fortaleza.<\/b> Efra\u00edn era la primera avanzada de la defensa del norte de Israel. <b>legislador.<\/b> Jud\u00e1 era la tribu que deb\u00eda gobernar a Israel, de la que proced\u00edan David y sus descendientes.<\/p>\n<h3 align='right'><i><b>Fuente: Biblia de Estudio MacArthur<\/b><\/i><\/h3>\n<p><span class='bible'>G\u00e9n 49:10<\/span>.<\/p>\n<h3 align='right'><i><b>Fuente: Traducci\u00f3n Interconfesional HispanoAmericana<\/b><\/i><\/h3>\n<p>REFERENCIAS CRUZADAS<\/p>\n<p>\u00f1 1984 Deu 33:17; Sal 108:8<\/p>\n<p>o 1985 G\u00e9n 49:10<\/p>\n<h3 align='right'><i><b>Fuente: Traducci\u00f3n del Nuevo Mundo<\/b><\/i><\/h3>\n<p> Lit., <i>la protecci\u00f3n<\/i> <\/p>\n<p><p>  O, <i>legislador<\/i> <\/p>\n<h3 align='right'><i><b>Fuente: La Biblia de las Am\u00e9ricas<\/b><\/i><\/h3>\n","protected":false},"excerpt":{"rendered":"<p>M\u00edo es Galaad, y m\u00edo es Manas\u00e9s. Efra\u00edn es la fortaleza de mi cabeza; Jud\u00e1 es mi cetro. M\u00edo es Galaad. Jos 17:1, Jos 17:5, Jos 17:6; 1Cr 12:19, 1Cr 12:37. Efra\u00edn es la fortaleza de mi cabeza. Deu 33:17; 1Sa 28:2. Jud\u00e1, mi legislador. G\u00e9n 49:10. Fuente: El Tesoro del Conocimiento B\u00edblico Galaad \u2026 &hellip; <a href=\"https:\/\/www.biblia.work\/comentario\/comentario-de-salmos-607-exegesis-y-hermeneutica-de-la-biblia\/\" class=\"more-link\">Continuar leyendo<span class=\"screen-reader-text\"> \u00abComentario de Salmos 60:7 &#8211; Ex\u00e9gesis y Hermen\u00e9utica de la Biblia\u00bb<\/span><\/a><\/p>\n","protected":false},"author":1,"featured_media":0,"comment_status":"","ping_status":"","sticky":false,"template":"","format":"standard","meta":{"footnotes":""},"categories":[1],"tags":[],"class_list":["post-15443","post","type-post","status-publish","format-standard","hentry","category-comentario"],"_links":{"self":[{"href":"https:\/\/www.biblia.work\/comentario\/wp-json\/wp\/v2\/posts\/15443","targetHints":{"allow":["GET"]}}],"collection":[{"href":"https:\/\/www.biblia.work\/comentario\/wp-json\/wp\/v2\/posts"}],"about":[{"href":"https:\/\/www.biblia.work\/comentario\/wp-json\/wp\/v2\/types\/post"}],"author":[{"embeddable":true,"href":"https:\/\/www.biblia.work\/comentario\/wp-json\/wp\/v2\/users\/1"}],"replies":[{"embeddable":true,"href":"https:\/\/www.biblia.work\/comentario\/wp-json\/wp\/v2\/comments?post=15443"}],"version-history":[{"count":0,"href":"https:\/\/www.biblia.work\/comentario\/wp-json\/wp\/v2\/posts\/15443\/revisions"}],"wp:attachment":[{"href":"https:\/\/www.biblia.work\/comentario\/wp-json\/wp\/v2\/media?parent=15443"}],"wp:term":[{"taxonomy":"category","embeddable":true,"href":"https:\/\/www.biblia.work\/comentario\/wp-json\/wp\/v2\/categories?post=15443"},{"taxonomy":"post_tag","embeddable":true,"href":"https:\/\/www.biblia.work\/comentario\/wp-json\/wp\/v2\/tags?post=15443"}],"curies":[{"name":"wp","href":"https:\/\/api.w.org\/{rel}","templated":true}]}}